{"id":2922,"date":"2024-11-28T13:35:13","date_gmt":"2024-11-28T19:35:13","guid":{"rendered":"https:\/\/allende637.mx\/?p=2922"},"modified":"2024-11-28T13:35:15","modified_gmt":"2024-11-28T19:35:15","slug":"ventana-norte-un-viaje-sonoro-a-traves-del-tiempo-y-las-tradiciones","status":"publish","type":"post","link":"https:\/\/allende637.mx\/?p=2922","title":{"rendered":"Ventana Norte: Un Viaje Sonoro a Trav\u00e9s del Tiempo y las Tradiciones"},"content":{"rendered":"\n<p>El <strong>Festival Expresiones Contempor\u00e1neas<\/strong> y el <strong>Centro Cultural Allende 637<\/strong> tienen el honor de invitarte a un evento sin igual: <strong>\u00abVentana Norte\u00bb<\/strong>, un recital a cargo del destacado <strong>Tr\u00edo Siqueiros<\/strong>. Este ensamble, reconocido por su talento y virtuosismo, nos transportar\u00e1 a un recorrido sonoro por la rica diversidad cultural del norte de M\u00e9xico, a trav\u00e9s de obras de compositores originarios del estado de Nuevo Le\u00f3n.<\/p>\n\n\n\n<p>La trayectoria del <strong>Tr\u00edo Siqueiros<\/strong> es un ejemplo de excelencia en la m\u00fasica de c\u00e1mara. Ganadores de prestigiosos premios como el <strong>Premio Manuel M. Ponce 2018<\/strong> en el Festival de M\u00fasica de C\u00e1mara de Aguascalientes y el <strong>Golden Classical Music Awards 2019<\/strong> en Nueva York, este tr\u00edo se ha consolidado como una de las agrupaciones m\u00e1s sobresalientes del \u00e1mbito musical contempor\u00e1neo.<\/p>\n\n\n\n<p>En este recital, los asistentes podr\u00e1n disfrutar de un programa cuidadosamente seleccionado, con obras que exploran el paisaje sonoro del norte de M\u00e9xico y sus tradiciones, combinando elementos modernos y tradicionales que despiertan emociones profundas:<\/p>\n\n\n\n<ul class=\"wp-block-list\">\n<li><strong>Entre el eco sordo del agua<\/strong> (2018), Eduardo Caballero<\/li>\n\n\n\n<li><strong>Cinco cantigas breves<\/strong> (2018), Miguel V\u00e9lez<\/li>\n\n\n\n<li><strong>Variaciones sobre un tema mexicano<\/strong> (2009), Jos\u00e9 Luis Wario<\/li>\n\n\n\n<li><strong>Quinta ola<\/strong> (2022), Valeria Rub\u00ed<\/li>\n\n\n\n<li><strong>A screw fell to the ground<\/strong> (2019), Charles M. Champi<\/li>\n<\/ul>\n\n\n\n<p>El Tr\u00edo Siqueiros, integrado por <strong>Ana K. Rodr\u00edguez<\/strong> (violonchelo), <strong>Juanmanuel Flores<\/strong> (viol\u00edn) y <strong>No\u00e9 Mac\u00edas<\/strong> (piano), destaca por su compromiso con la m\u00fasica contempor\u00e1nea y su capacidad para transmitir emociones que conectan con el p\u00fablico de manera \u00fanica.<\/p>\n\n\n\n<p><strong>Te esperamos para disfrutar de una noche vibrante y apasionante en la m\u00fasica contempor\u00e1nea mexicana!<\/strong><\/p>\n\n\n\n<ul class=\"wp-block-list\">\n<li><strong>Fecha<\/strong>: Lunes 9 de diciembre<\/li>\n\n\n\n<li><strong>Hora<\/strong>: 20:00 horas<\/li>\n\n\n\n<li><strong>Entrada<\/strong>: Libre<\/li>\n\n\n\n<li><strong>Lugar<\/strong>: Sala Francis Poulenc, Centro Cultural Allende 637<br>Allende No. 637, Centro Hist\u00f3rico, Morelia, Michoac\u00e1n.<\/li>\n<\/ul>\n\n\n\n<p>No pierdas la oportunidad de sumergirte en una experiencia musical \u00fanica. \u00a1Te esperamos!<\/p>\n\n\n\n<div style=\"height:38px\" aria-hidden=\"true\" class=\"wp-block-spacer\"><\/div>\n\n\n\n<hr class=\"wp-block-separator has-alpha-channel-opacity\"\/>\n\n\n\n<div style=\"height:34px\" aria-hidden=\"true\" class=\"wp-block-spacer\"><\/div>\n\n\n\n<figure class=\"wp-block-image size-large\"><img loading=\"lazy\" decoding=\"async\" width=\"1024\" height=\"1024\" src=\"https:\/\/allende637.mx\/wp-content\/uploads\/2024\/11\/9-DE-DICIEMBRE-1-1024x1024.jpg\" alt=\"\" class=\"wp-image-2925\" srcset=\"https:\/\/allende637.mx\/wp-content\/uploads\/2024\/11\/9-DE-DICIEMBRE-1-1024x1024.jpg 1024w, https:\/\/allende637.mx\/wp-content\/uploads\/2024\/11\/9-DE-DICIEMBRE-1-300x300.jpg 300w, https:\/\/allende637.mx\/wp-content\/uploads\/2024\/11\/9-DE-DICIEMBRE-1-150x150.jpg 150w, https:\/\/allende637.mx\/wp-content\/uploads\/2024\/11\/9-DE-DICIEMBRE-1-768x768.jpg 768w, https:\/\/allende637.mx\/wp-content\/uploads\/2024\/11\/9-DE-DICIEMBRE-1-1536x1536.jpg 1536w, https:\/\/allende637.mx\/wp-content\/uploads\/2024\/11\/9-DE-DICIEMBRE-1-1140x1140.jpg 1140w, https:\/\/allende637.mx\/wp-content\/uploads\/2024\/11\/9-DE-DICIEMBRE-1-75x75.jpg 75w, https:\/\/allende637.mx\/wp-content\/uploads\/2024\/11\/9-DE-DICIEMBRE-1.jpg 2000w\" sizes=\"auto, (max-width: 1024px) 100vw, 1024px\" \/><\/figure>\n","protected":false},"excerpt":{"rendered":"<p>El Festival Expresiones Contempor\u00e1neas y el Centro Cultural Allende 637 tienen el honor de invitarte a un evento sin igual: \u00abVentana Norte\u00bb, un recital a cargo del destacado Tr\u00edo Siqueiros. Este ensamble, reconocido por su talento y virtuosismo, nos transportar\u00e1 a un recorrido sonoro por la rica diversidad cultural del norte de M\u00e9xico, a trav\u00e9s de obras de compositores originarios del estado de Nuevo Le\u00f3n. La trayectoria del Tr\u00edo Siqueiros es un ejemplo de excelencia en la m\u00fasica de c\u00e1mara. Ganadores de prestigiosos premios como el Premio Manuel M. Ponce 2018 en el Festival de M\u00fasica de C\u00e1mara de Aguascalientes y el Golden Classical Music Awards 2019 en Nueva York, este tr\u00edo se ha consolidado como una de las agrupaciones m\u00e1s sobresalientes del \u00e1mbito musical contempor\u00e1neo. En este recital, los asistentes podr\u00e1n disfrutar de un programa cuidadosamente seleccionado, con obras que exploran el paisaje sonoro del norte de M\u00e9xico y sus tradiciones, combinando elementos modernos y tradicionales que despiertan emociones profundas: El Tr\u00edo Siqueiros, integrado por Ana K. Rodr\u00edguez (violonchelo), Juanmanuel Flores (viol\u00edn) y No\u00e9 Mac\u00edas (piano), destaca por su compromiso con la m\u00fasica contempor\u00e1nea y su capacidad para transmitir emociones que conectan con el p\u00fablico de manera \u00fanica. Te esperamos para disfrutar de una noche vibrante y apasionante en la m\u00fasica contempor\u00e1nea mexicana! No pierdas la oportunidad de sumergirte en una experiencia musical \u00fanica. \u00a1Te esperamos!<\/p>\n","protected":false},"author":1,"featured_media":2925,"comment_status":"closed","ping_status":"open","sticky":false,"template":"","format":"standard","meta":{"_acf_changed":false,"footnotes":""},"categories":[9,13,12],"tags":[],"class_list":["post-2922","post","type-post","status-publish","format-standard","has-post-thumbnail","hentry","category-actividades","category-cartelera-musical","category-conciertos-cartelera-musical"],"acf":[],"_links":{"self":[{"href":"https:\/\/allende637.mx\/index.php?rest_route=\/wp\/v2\/posts\/2922","targetHints":{"allow":["GET"]}}],"collection":[{"href":"https:\/\/allende637.mx\/index.php?rest_route=\/wp\/v2\/posts"}],"about":[{"href":"https:\/\/allende637.mx\/index.php?rest_route=\/wp\/v2\/types\/post"}],"author":[{"embeddable":true,"href":"https:\/\/allende637.mx\/index.php?rest_route=\/wp\/v2\/users\/1"}],"replies":[{"embeddable":true,"href":"https:\/\/allende637.mx\/index.php?rest_route=%2Fwp%2Fv2%2Fcomments&post=2922"}],"version-history":[{"count":1,"href":"https:\/\/allende637.mx\/index.php?rest_route=\/wp\/v2\/posts\/2922\/revisions"}],"predecessor-version":[{"id":2926,"href":"https:\/\/allende637.mx\/index.php?rest_route=\/wp\/v2\/posts\/2922\/revisions\/2926"}],"wp:featuredmedia":[{"embeddable":true,"href":"https:\/\/allende637.mx\/index.php?rest_route=\/wp\/v2\/media\/2925"}],"wp:attachment":[{"href":"https:\/\/allende637.mx\/index.php?rest_route=%2Fwp%2Fv2%2Fmedia&parent=2922"}],"wp:term":[{"taxonomy":"category","embeddable":true,"href":"https:\/\/allende637.mx\/index.php?rest_route=%2Fwp%2Fv2%2Fcategories&post=2922"},{"taxonomy":"post_tag","embeddable":true,"href":"https:\/\/allende637.mx\/index.php?rest_route=%2Fwp%2Fv2%2Ftags&post=2922"}],"curies":[{"name":"wp","href":"https:\/\/api.w.org\/{rel}","templated":true}]}}