{"id":3131,"date":"2025-02-19T21:28:16","date_gmt":"2025-02-20T03:28:16","guid":{"rendered":"https:\/\/allende637.mx\/?p=3131"},"modified":"2025-02-19T21:28:17","modified_gmt":"2025-02-20T03:28:17","slug":"serenata-espanola-abel-garcia-ayala-guitarra-musica","status":"publish","type":"post","link":"https:\/\/allende637.mx\/?p=3131","title":{"rendered":"Serenata Espa\u00f1ola: Abel Garc\u00eda Ayala, guitarra \/ M\u00fasica"},"content":{"rendered":"\n<p>El pr\u00f3ximo viernes 21 de febrero te invitamos a la <strong>Serenata Espa\u00f1ola<\/strong>, un recital de guitarra a cargo de <strong>Abel Garc\u00eda<\/strong> en la gran sala Francis Poulenc, en punto de las 20 h. Abel Garc\u00eda, conocido por su maestr\u00eda y pasi\u00f3n, nos deleitar\u00e1 con un repertorio cuidadosamente seleccionado que promete otorgar a todos los asistentes una noche m\u00e1gica llena de emoci\u00f3n y virtuosismo, perfecta para todo mel\u00f3mano.<\/p>\n\n\n\n<p>No te pierdas la oportunidad de disfrutar de tan magn\u00edficas interpretaciones y <a><\/a>haz tu reservaci\u00f3n <img loading=\"lazy\" decoding=\"async\" height=\"16\" width=\"16\" alt=\"\ud83d\udc49\" src=\"https:\/\/static.xx.fbcdn.net\/images\/emoji.php\/v9\/t51\/1\/16\/1f449.png\"><a href=\"https:\/\/l.facebook.com\/l.php?u=http%3A%2F%2Fallende637.mx%2Freservas%2F%3Ffbclid%3DIwZXh0bgNhZW0CMTAAAR0-WQguDGq9otAaTV5JkWAQH9jhfV3oevPuH4TJbSt7-q2Er9USxMljvLs_aem_40O7vZpaPZG3urICP3mbJw&amp;h=AT1AVyhl9FJbhEZwNhlWBIFAZGRm45HR5aoxNEmq0wPeA8IvgppD00AQkAjhdFbA_Vsm3wPShb1TgAFvkPnHLhKSLHWeLuePzOnENZaoOnqBgDn7iC6Q1uUPuLno7s_qD4HYunHkcqFf9nvCOQ&amp;__tn__=-UK-R&amp;c[0]=AT2ZVUvYT5gFjDaAY7BW_WOCla7wd6rzuJhZJnj1ZTYQxQm01-ssGru5lKmvSNssHn3c5hapTi7bMuDpp2-Fmzj2rY7-MEbXsMtM8opRmw-Dfa1ahAiZTeoie_cDroU-cYPLa2931dOpUZvGTyjvieQjkRGcdZm6ctlLhOETcIV_K9lytUYLACWnyapGPd4HThASRHDza0_htGwc5pIBa3rM0g\" rel=\"noreferrer noopener\" target=\"_blank\">http:\/\/allende637.mx\/reservas\/<\/a><\/p>\n\n\n\n<p>\u00a1Te esperamos!<\/p>\n\n\n\n<p><img loading=\"lazy\" decoding=\"async\" height=\"16\" width=\"16\" alt=\"\u26a0\" src=\"https:\/\/static.xx.fbcdn.net\/images\/emoji.php\/v9\/tdc\/1\/16\/26a0.png\">Pago solo en efectivo<img loading=\"lazy\" decoding=\"async\" height=\"16\" width=\"16\" alt=\"\u26a0\" src=\"https:\/\/static.xx.fbcdn.net\/images\/emoji.php\/v9\/tdc\/1\/16\/26a0.png\"><\/p>\n\n\n\n<p><img loading=\"lazy\" decoding=\"async\" height=\"16\" width=\"16\" alt=\"\ud83c\udfab\" src=\"https:\/\/static.xx.fbcdn.net\/images\/emoji.php\/v9\/tac\/1\/16\/1f3ab.png\">Entrada $200<\/p>\n\n\n\n<p><img loading=\"lazy\" decoding=\"async\" height=\"16\" width=\"16\" alt=\"\ud83d\udcc6\" src=\"https:\/\/static.xx.fbcdn.net\/images\/emoji.php\/v9\/tff\/1\/16\/1f4c6.png\">Viernes 21 de febrero<\/p>\n\n\n\n<p><img loading=\"lazy\" decoding=\"async\" height=\"16\" width=\"16\" alt=\"\ud83d\udd57\" src=\"https:\/\/static.xx.fbcdn.net\/images\/emoji.php\/v9\/t2f\/1\/16\/1f557.png\">20 h<\/p>\n\n\n\n<p><img loading=\"lazy\" decoding=\"async\" height=\"16\" width=\"16\" alt=\"\ud83d\udccd\" src=\"https:\/\/static.xx.fbcdn.net\/images\/emoji.php\/v9\/t2d\/1\/16\/1f4cd.png\">Sala Francis Poulenc, Centro Cultural Allende 637<\/p>\n\n\n\n<figure class=\"wp-block-image size-large\"><img loading=\"lazy\" decoding=\"async\" width=\"1024\" height=\"1024\" src=\"https:\/\/allende637.mx\/wp-content\/uploads\/2025\/02\/476452227_951214583816748_4327428504513121125_n-1024x1024.jpg\" alt=\"\" class=\"wp-image-3129\" srcset=\"https:\/\/allende637.mx\/wp-content\/uploads\/2025\/02\/476452227_951214583816748_4327428504513121125_n-1024x1024.jpg 1024w, https:\/\/allende637.mx\/wp-content\/uploads\/2025\/02\/476452227_951214583816748_4327428504513121125_n-300x300.jpg 300w, https:\/\/allende637.mx\/wp-content\/uploads\/2025\/02\/476452227_951214583816748_4327428504513121125_n-150x150.jpg 150w, https:\/\/allende637.mx\/wp-content\/uploads\/2025\/02\/476452227_951214583816748_4327428504513121125_n-768x768.jpg 768w, https:\/\/allende637.mx\/wp-content\/uploads\/2025\/02\/476452227_951214583816748_4327428504513121125_n-1536x1536.jpg 1536w, https:\/\/allende637.mx\/wp-content\/uploads\/2025\/02\/476452227_951214583816748_4327428504513121125_n-1140x1140.jpg 1140w, https:\/\/allende637.mx\/wp-content\/uploads\/2025\/02\/476452227_951214583816748_4327428504513121125_n-75x75.jpg 75w, https:\/\/allende637.mx\/wp-content\/uploads\/2025\/02\/476452227_951214583816748_4327428504513121125_n.jpg 2048w\" sizes=\"auto, (max-width: 1024px) 100vw, 1024px\" \/><\/figure>\n\n\n\n<figure class=\"wp-block-image size-large\"><img loading=\"lazy\" decoding=\"async\" width=\"1024\" height=\"1024\" src=\"https:\/\/allende637.mx\/wp-content\/uploads\/2025\/02\/476965839_951214613816745_3655693287026675959_n-1024x1024.jpg\" alt=\"\" class=\"wp-image-3130\" srcset=\"https:\/\/allende637.mx\/wp-content\/uploads\/2025\/02\/476965839_951214613816745_3655693287026675959_n-1024x1024.jpg 1024w, https:\/\/allende637.mx\/wp-content\/uploads\/2025\/02\/476965839_951214613816745_3655693287026675959_n-300x300.jpg 300w, https:\/\/allende637.mx\/wp-content\/uploads\/2025\/02\/476965839_951214613816745_3655693287026675959_n-150x150.jpg 150w, https:\/\/allende637.mx\/wp-content\/uploads\/2025\/02\/476965839_951214613816745_3655693287026675959_n-768x768.jpg 768w, https:\/\/allende637.mx\/wp-content\/uploads\/2025\/02\/476965839_951214613816745_3655693287026675959_n-1536x1536.jpg 1536w, https:\/\/allende637.mx\/wp-content\/uploads\/2025\/02\/476965839_951214613816745_3655693287026675959_n-1140x1140.jpg 1140w, https:\/\/allende637.mx\/wp-content\/uploads\/2025\/02\/476965839_951214613816745_3655693287026675959_n-75x75.jpg 75w, https:\/\/allende637.mx\/wp-content\/uploads\/2025\/02\/476965839_951214613816745_3655693287026675959_n.jpg 2048w\" sizes=\"auto, (max-width: 1024px) 100vw, 1024px\" \/><\/figure>\n\n\n\n<figure class=\"wp-block-image size-large\"><img loading=\"lazy\" decoding=\"async\" width=\"1024\" height=\"1024\" src=\"https:\/\/allende637.mx\/wp-content\/uploads\/2025\/02\/476339096_951214787150061_6166738532576036268_n-1024x1024.jpg\" alt=\"\" class=\"wp-image-3128\" srcset=\"https:\/\/allende637.mx\/wp-content\/uploads\/2025\/02\/476339096_951214787150061_6166738532576036268_n-1024x1024.jpg 1024w, https:\/\/allende637.mx\/wp-content\/uploads\/2025\/02\/476339096_951214787150061_6166738532576036268_n-300x300.jpg 300w, https:\/\/allende637.mx\/wp-content\/uploads\/2025\/02\/476339096_951214787150061_6166738532576036268_n-150x150.jpg 150w, https:\/\/allende637.mx\/wp-content\/uploads\/2025\/02\/476339096_951214787150061_6166738532576036268_n-768x768.jpg 768w, https:\/\/allende637.mx\/wp-content\/uploads\/2025\/02\/476339096_951214787150061_6166738532576036268_n-1536x1536.jpg 1536w, https:\/\/allende637.mx\/wp-content\/uploads\/2025\/02\/476339096_951214787150061_6166738532576036268_n-1140x1140.jpg 1140w, https:\/\/allende637.mx\/wp-content\/uploads\/2025\/02\/476339096_951214787150061_6166738532576036268_n-75x75.jpg 75w, https:\/\/allende637.mx\/wp-content\/uploads\/2025\/02\/476339096_951214787150061_6166738532576036268_n.jpg 2048w\" sizes=\"auto, (max-width: 1024px) 100vw, 1024px\" \/><\/figure>\n","protected":false},"excerpt":{"rendered":"<p>El pr\u00f3ximo viernes 21 de febrero te invitamos a la Serenata Espa\u00f1ola, un recital de guitarra a cargo de Abel Garc\u00eda en la gran sala Francis Poulenc, en punto de las 20 h. Abel Garc\u00eda, conocido por su maestr\u00eda y pasi\u00f3n, nos deleitar\u00e1 con un repertorio cuidadosamente seleccionado que promete otorgar a todos los asistentes una noche m\u00e1gica llena de emoci\u00f3n y virtuosismo, perfecta para todo mel\u00f3mano. No te pierdas la oportunidad de disfrutar de tan magn\u00edficas interpretaciones y haz tu reservaci\u00f3n http:\/\/allende637.mx\/reservas\/ \u00a1Te esperamos! Pago solo en efectivo Entrada $200 Viernes 21 de febrero 20 h Sala Francis Poulenc, Centro Cultural Allende 637<\/p>\n","protected":false},"author":1,"featured_media":3129,"comment_status":"closed","ping_status":"open","sticky":false,"template":"","format":"standard","meta":{"_acf_changed":false,"footnotes":""},"categories":[9,13,12],"tags":[],"class_list":["post-3131","post","type-post","status-publish","format-standard","has-post-thumbnail","hentry","category-actividades","category-cartelera-musical","category-conciertos-cartelera-musical"],"acf":[],"_links":{"self":[{"href":"https:\/\/allende637.mx\/index.php?rest_route=\/wp\/v2\/posts\/3131","targetHints":{"allow":["GET"]}}],"collection":[{"href":"https:\/\/allende637.mx\/index.php?rest_route=\/wp\/v2\/posts"}],"about":[{"href":"https:\/\/allende637.mx\/index.php?rest_route=\/wp\/v2\/types\/post"}],"author":[{"embeddable":true,"href":"https:\/\/allende637.mx\/index.php?rest_route=\/wp\/v2\/users\/1"}],"replies":[{"embeddable":true,"href":"https:\/\/allende637.mx\/index.php?rest_route=%2Fwp%2Fv2%2Fcomments&post=3131"}],"version-history":[{"count":1,"href":"https:\/\/allende637.mx\/index.php?rest_route=\/wp\/v2\/posts\/3131\/revisions"}],"predecessor-version":[{"id":3132,"href":"https:\/\/allende637.mx\/index.php?rest_route=\/wp\/v2\/posts\/3131\/revisions\/3132"}],"wp:featuredmedia":[{"embeddable":true,"href":"https:\/\/allende637.mx\/index.php?rest_route=\/wp\/v2\/media\/3129"}],"wp:attachment":[{"href":"https:\/\/allende637.mx\/index.php?rest_route=%2Fwp%2Fv2%2Fmedia&parent=3131"}],"wp:term":[{"taxonomy":"category","embeddable":true,"href":"https:\/\/allende637.mx\/index.php?rest_route=%2Fwp%2Fv2%2Fcategories&post=3131"},{"taxonomy":"post_tag","embeddable":true,"href":"https:\/\/allende637.mx\/index.php?rest_route=%2Fwp%2Fv2%2Ftags&post=3131"}],"curies":[{"name":"wp","href":"https:\/\/api.w.org\/{rel}","templated":true}]}}