{"id":3140,"date":"2025-03-23T13:10:25","date_gmt":"2025-03-23T19:10:25","guid":{"rendered":"https:\/\/allende637.mx\/?p=3140"},"modified":"2025-03-23T13:10:26","modified_gmt":"2025-03-23T19:10:26","slug":"sebastian-marquez-recital-de-piano-musica","status":"publish","type":"post","link":"https:\/\/allende637.mx\/?p=3140","title":{"rendered":"Sebasti\u00e1n M\u00e1rquez: Recital de piano \/ M\u00fasica"},"content":{"rendered":"\n<p>Ven a pasar un momento agradable en el recital de piano que nos ofrece el talentoso estudiante de piano, Sebasti\u00e1n M\u00e1rquez, quien nos sorprender\u00e1 con un programa que <a><\/a>incluye m\u00fasica de Bach, Clementi, Schumann \u00a1y m\u00e1s! No te pierdas la oportunidad sumergirte en las emociones que estas piezas cl\u00e1sicas evocan en nuestra maravillosa sala de conciertos Francis Poulenc. La cita es el s\u00e1bado 29 de marzo en punto de las 20 horas.<\/p>\n\n\n\n<p>\u00a1Esperamos verte all\u00ed para compartir juntos esta experiencia \u00fanica!<\/p>\n\n\n\n<p><img loading=\"lazy\" decoding=\"async\" height=\"16\" width=\"16\" alt=\"\ud83c\udfab\" src=\"https:\/\/static.xx.fbcdn.net\/images\/emoji.php\/v9\/tac\/1\/16\/1f3ab.png\">Entrada Libre<\/p>\n\n\n\n<p><img loading=\"lazy\" decoding=\"async\" height=\"16\" width=\"16\" alt=\"\ud83d\udcc6\" src=\"https:\/\/static.xx.fbcdn.net\/images\/emoji.php\/v9\/tff\/1\/16\/1f4c6.png\">S\u00e1bado 29 de marzo<\/p>\n\n\n\n<p><img loading=\"lazy\" decoding=\"async\" height=\"16\" width=\"16\" alt=\"\ud83d\udd63\" src=\"https:\/\/static.xx.fbcdn.net\/images\/emoji.php\/v9\/tca\/1\/16\/1f563.png\">20 h<\/p>\n\n\n\n<p><img loading=\"lazy\" decoding=\"async\" height=\"16\" width=\"16\" alt=\"\ud83d\udccd\" src=\"https:\/\/static.xx.fbcdn.net\/images\/emoji.php\/v9\/t2d\/1\/16\/1f4cd.png\">Sala Francis Poulenc, Centro Cultural Allende 637<\/p>\n\n\n\n<p><a href=\"https:\/\/www.facebook.com\/hashtag\/piano?__eep__=6&amp;__cft__[0]=AZVo_vqThMOOg18fLGtlHXIeRxgnT4uarEiLuCJ5ZByN3xZXpBbb1ZX1wh4D9Mm5W7QEmw92IJDebCHBd9vp5SlKGrXFjgjFgyvEhJGjteeoGfAKUo58lY6OyVy_5amxHbgy_mdqil4qlzy_45rzHRNCBeV4pbOjXqwbMbWim7DeK68dFmp0G1gFVLLRoN88F70&amp;__tn__=*NK-R\">#piano<\/a><a href=\"https:\/\/www.facebook.com\/hashtag\/pianosolo?__eep__=6&amp;__cft__[0]=AZVo_vqThMOOg18fLGtlHXIeRxgnT4uarEiLuCJ5ZByN3xZXpBbb1ZX1wh4D9Mm5W7QEmw92IJDebCHBd9vp5SlKGrXFjgjFgyvEhJGjteeoGfAKUo58lY6OyVy_5amxHbgy_mdqil4qlzy_45rzHRNCBeV4pbOjXqwbMbWim7DeK68dFmp0G1gFVLLRoN88F70&amp;__tn__=*NK-R\">#pianosolo<\/a><a href=\"https:\/\/www.facebook.com\/hashtag\/pianomusic?__eep__=6&amp;__cft__[0]=AZVo_vqThMOOg18fLGtlHXIeRxgnT4uarEiLuCJ5ZByN3xZXpBbb1ZX1wh4D9Mm5W7QEmw92IJDebCHBd9vp5SlKGrXFjgjFgyvEhJGjteeoGfAKUo58lY6OyVy_5amxHbgy_mdqil4qlzy_45rzHRNCBeV4pbOjXqwbMbWim7DeK68dFmp0G1gFVLLRoN88F70&amp;__tn__=*NK-R\">#pianomusic<\/a><a href=\"https:\/\/www.facebook.com\/hashtag\/pianoplayer?__eep__=6&amp;__cft__[0]=AZVo_vqThMOOg18fLGtlHXIeRxgnT4uarEiLuCJ5ZByN3xZXpBbb1ZX1wh4D9Mm5W7QEmw92IJDebCHBd9vp5SlKGrXFjgjFgyvEhJGjteeoGfAKUo58lY6OyVy_5amxHbgy_mdqil4qlzy_45rzHRNCBeV4pbOjXqwbMbWim7DeK68dFmp0G1gFVLLRoN88F70&amp;__tn__=*NK-R\">#pianoplayer<\/a><a href=\"https:\/\/www.facebook.com\/hashtag\/musica?__eep__=6&amp;__cft__[0]=AZVo_vqThMOOg18fLGtlHXIeRxgnT4uarEiLuCJ5ZByN3xZXpBbb1ZX1wh4D9Mm5W7QEmw92IJDebCHBd9vp5SlKGrXFjgjFgyvEhJGjteeoGfAKUo58lY6OyVy_5amxHbgy_mdqil4qlzy_45rzHRNCBeV4pbOjXqwbMbWim7DeK68dFmp0G1gFVLLRoN88F70&amp;__tn__=*NK-R\">#musica<\/a><a href=\"https:\/\/www.facebook.com\/hashtag\/music?__eep__=6&amp;__cft__[0]=AZVo_vqThMOOg18fLGtlHXIeRxgnT4uarEiLuCJ5ZByN3xZXpBbb1ZX1wh4D9Mm5W7QEmw92IJDebCHBd9vp5SlKGrXFjgjFgyvEhJGjteeoGfAKUo58lY6OyVy_5amxHbgy_mdqil4qlzy_45rzHRNCBeV4pbOjXqwbMbWim7DeK68dFmp0G1gFVLLRoN88F70&amp;__tn__=*NK-R\">#music<\/a><a href=\"https:\/\/www.facebook.com\/hashtag\/arte?__eep__=6&amp;__cft__[0]=AZVo_vqThMOOg18fLGtlHXIeRxgnT4uarEiLuCJ5ZByN3xZXpBbb1ZX1wh4D9Mm5W7QEmw92IJDebCHBd9vp5SlKGrXFjgjFgyvEhJGjteeoGfAKUo58lY6OyVy_5amxHbgy_mdqil4qlzy_45rzHRNCBeV4pbOjXqwbMbWim7DeK68dFmp0G1gFVLLRoN88F70&amp;__tn__=*NK-R\">#arte<\/a><a href=\"https:\/\/www.facebook.com\/hashtag\/arteycultura?__eep__=6&amp;__cft__[0]=AZVo_vqThMOOg18fLGtlHXIeRxgnT4uarEiLuCJ5ZByN3xZXpBbb1ZX1wh4D9Mm5W7QEmw92IJDebCHBd9vp5SlKGrXFjgjFgyvEhJGjteeoGfAKUo58lY6OyVy_5amxHbgy_mdqil4qlzy_45rzHRNCBeV4pbOjXqwbMbWim7DeK68dFmp0G1gFVLLRoN88F70&amp;__tn__=*NK-R\">#arteycultura<\/a><a href=\"https:\/\/www.facebook.com\/hashtag\/arteyculturaparatodos?__eep__=6&amp;__cft__[0]=AZVo_vqThMOOg18fLGtlHXIeRxgnT4uarEiLuCJ5ZByN3xZXpBbb1ZX1wh4D9Mm5W7QEmw92IJDebCHBd9vp5SlKGrXFjgjFgyvEhJGjteeoGfAKUo58lY6OyVy_5amxHbgy_mdqil4qlzy_45rzHRNCBeV4pbOjXqwbMbWim7DeK68dFmp0G1gFVLLRoN88F70&amp;__tn__=*NK-R\">#ArteyCulturaParaTodos<\/a><\/p>\n\n\n\n<figure class=\"wp-block-image size-large\"><img loading=\"lazy\" decoding=\"async\" width=\"819\" height=\"1024\" src=\"https:\/\/allende637.mx\/wp-content\/uploads\/2025\/03\/483921073_975834474688092_3427300255627164899_n-819x1024.jpg\" alt=\"\" class=\"wp-image-3141\" srcset=\"https:\/\/allende637.mx\/wp-content\/uploads\/2025\/03\/483921073_975834474688092_3427300255627164899_n-819x1024.jpg 819w, https:\/\/allende637.mx\/wp-content\/uploads\/2025\/03\/483921073_975834474688092_3427300255627164899_n-240x300.jpg 240w, https:\/\/allende637.mx\/wp-content\/uploads\/2025\/03\/483921073_975834474688092_3427300255627164899_n-768x960.jpg 768w, https:\/\/allende637.mx\/wp-content\/uploads\/2025\/03\/483921073_975834474688092_3427300255627164899_n-1229x1536.jpg 1229w, https:\/\/allende637.mx\/wp-content\/uploads\/2025\/03\/483921073_975834474688092_3427300255627164899_n-1140x1425.jpg 1140w, https:\/\/allende637.mx\/wp-content\/uploads\/2025\/03\/483921073_975834474688092_3427300255627164899_n.jpg 1638w\" sizes=\"auto, (max-width: 819px) 100vw, 819px\" \/><\/figure>\n\n\n\n<figure class=\"wp-block-image size-large\"><img loading=\"lazy\" decoding=\"async\" width=\"819\" height=\"1024\" src=\"https:\/\/allende637.mx\/wp-content\/uploads\/2025\/03\/484012251_975834438021429_156149997769124509_n-819x1024.jpg\" alt=\"\" class=\"wp-image-3142\" srcset=\"https:\/\/allende637.mx\/wp-content\/uploads\/2025\/03\/484012251_975834438021429_156149997769124509_n-819x1024.jpg 819w, https:\/\/allende637.mx\/wp-content\/uploads\/2025\/03\/484012251_975834438021429_156149997769124509_n-240x300.jpg 240w, https:\/\/allende637.mx\/wp-content\/uploads\/2025\/03\/484012251_975834438021429_156149997769124509_n-768x960.jpg 768w, https:\/\/allende637.mx\/wp-content\/uploads\/2025\/03\/484012251_975834438021429_156149997769124509_n-1229x1536.jpg 1229w, https:\/\/allende637.mx\/wp-content\/uploads\/2025\/03\/484012251_975834438021429_156149997769124509_n-1140x1425.jpg 1140w, https:\/\/allende637.mx\/wp-content\/uploads\/2025\/03\/484012251_975834438021429_156149997769124509_n.jpg 1638w\" sizes=\"auto, (max-width: 819px) 100vw, 819px\" \/><\/figure>\n\n\n\n<figure class=\"wp-block-image size-large\"><img loading=\"lazy\" decoding=\"async\" width=\"819\" height=\"1024\" src=\"https:\/\/allende637.mx\/wp-content\/uploads\/2025\/03\/484019878_975834451354761_6165841707160797310_n-819x1024.jpg\" alt=\"\" class=\"wp-image-3143\" srcset=\"https:\/\/allende637.mx\/wp-content\/uploads\/2025\/03\/484019878_975834451354761_6165841707160797310_n-819x1024.jpg 819w, https:\/\/allende637.mx\/wp-content\/uploads\/2025\/03\/484019878_975834451354761_6165841707160797310_n-240x300.jpg 240w, https:\/\/allende637.mx\/wp-content\/uploads\/2025\/03\/484019878_975834451354761_6165841707160797310_n-768x960.jpg 768w, https:\/\/allende637.mx\/wp-content\/uploads\/2025\/03\/484019878_975834451354761_6165841707160797310_n-1229x1536.jpg 1229w, https:\/\/allende637.mx\/wp-content\/uploads\/2025\/03\/484019878_975834451354761_6165841707160797310_n-1140x1425.jpg 1140w, https:\/\/allende637.mx\/wp-content\/uploads\/2025\/03\/484019878_975834451354761_6165841707160797310_n.jpg 1638w\" sizes=\"auto, (max-width: 819px) 100vw, 819px\" \/><\/figure>\n","protected":false},"excerpt":{"rendered":"<p>Ven a pasar un momento agradable en el recital de piano que nos ofrece el talentoso estudiante de piano, Sebasti\u00e1n M\u00e1rquez, quien nos sorprender\u00e1 con un programa que incluye m\u00fasica de Bach, Clementi, Schumann \u00a1y m\u00e1s! No te pierdas la oportunidad sumergirte en las emociones que estas piezas cl\u00e1sicas evocan en nuestra maravillosa sala de conciertos Francis Poulenc. La cita es el s\u00e1bado 29 de marzo en punto de las 20 horas. \u00a1Esperamos verte all\u00ed para compartir juntos esta experiencia \u00fanica! Entrada Libre S\u00e1bado 29 de marzo 20 h Sala Francis Poulenc, Centro Cultural Allende 637 #piano#pianosolo#pianomusic#pianoplayer#musica#music#arte#arteycultura#ArteyCulturaParaTodos<\/p>\n","protected":false},"author":1,"featured_media":3141,"comment_status":"closed","ping_status":"open","sticky":false,"template":"","format":"standard","meta":{"_acf_changed":false,"footnotes":""},"categories":[9,13,12],"tags":[],"class_list":["post-3140","post","type-post","status-publish","format-standard","has-post-thumbnail","hentry","category-actividades","category-cartelera-musical","category-conciertos-cartelera-musical"],"acf":[],"_links":{"self":[{"href":"https:\/\/allende637.mx\/index.php?rest_route=\/wp\/v2\/posts\/3140","targetHints":{"allow":["GET"]}}],"collection":[{"href":"https:\/\/allende637.mx\/index.php?rest_route=\/wp\/v2\/posts"}],"about":[{"href":"https:\/\/allende637.mx\/index.php?rest_route=\/wp\/v2\/types\/post"}],"author":[{"embeddable":true,"href":"https:\/\/allende637.mx\/index.php?rest_route=\/wp\/v2\/users\/1"}],"replies":[{"embeddable":true,"href":"https:\/\/allende637.mx\/index.php?rest_route=%2Fwp%2Fv2%2Fcomments&post=3140"}],"version-history":[{"count":1,"href":"https:\/\/allende637.mx\/index.php?rest_route=\/wp\/v2\/posts\/3140\/revisions"}],"predecessor-version":[{"id":3144,"href":"https:\/\/allende637.mx\/index.php?rest_route=\/wp\/v2\/posts\/3140\/revisions\/3144"}],"wp:featuredmedia":[{"embeddable":true,"href":"https:\/\/allende637.mx\/index.php?rest_route=\/wp\/v2\/media\/3141"}],"wp:attachment":[{"href":"https:\/\/allende637.mx\/index.php?rest_route=%2Fwp%2Fv2%2Fmedia&parent=3140"}],"wp:term":[{"taxonomy":"category","embeddable":true,"href":"https:\/\/allende637.mx\/index.php?rest_route=%2Fwp%2Fv2%2Fcategories&post=3140"},{"taxonomy":"post_tag","embeddable":true,"href":"https:\/\/allende637.mx\/index.php?rest_route=%2Fwp%2Fv2%2Ftags&post=3140"}],"curies":[{"name":"wp","href":"https:\/\/api.w.org\/{rel}","templated":true}]}}