{"id":3518,"date":"2026-01-06T20:10:42","date_gmt":"2026-01-07T02:10:42","guid":{"rendered":"https:\/\/allende637.mx\/?p=3518"},"modified":"2026-01-06T20:10:44","modified_gmt":"2026-01-07T02:10:44","slug":"resurgence-concierto-de-piano-y-percusiones-adrien-brandeis-piano-roberto-vizcaino-percusiones","status":"publish","type":"post","link":"https:\/\/allende637.mx\/?p=3518","title":{"rendered":"R\u00e9surgence, concierto de piano y percusiones \/ Adrien Brandeis &#8211; piano, Roberto Vizca\u00edno &#8211; percusiones"},"content":{"rendered":"\n<p>\u00a1Te invitamos al primer concierto del 2026 en Allende 637!<\/p>\n\n\n\n<p><br>Recibimos de nueva cuenta a los talentosos Adrien Brandeis y Roberto Vizca\u00edno presentando \u00abR\u00e9surgence\u00bb, el 4to \u00e1lbum de estudio compuesto, producido e interpretado por Adrien Brandeis, un proyecto con composiciones profundas y exigentes, interpretadas con una expresividad musical que nos deleita con una diversidad de ritmos llevado por melod\u00edas impregnantes y una gran riqueza arm\u00f3nica.<br><\/p>\n\n\n\n<p>Ven y forma parte de concierto de piano y percusiones con trece composiciones<br>rebosantes de lat\u00edn jazz afrocubano, con pinceladas de funk, swing, temas lentos y momentos impresionistas.<\/p>\n\n\n\n<p><br>Realiza tus reservaciones en\ud83d\udc49 https:\/\/allende637.mx\/reservas\/<br>\ud83d\udc49Pago solo en efectivo\ud83d\udc48<\/p>\n\n\n<div class=\"wp-block-image\">\n<figure class=\"aligncenter size-large\"><img loading=\"lazy\" decoding=\"async\" width=\"1024\" height=\"1024\" src=\"https:\/\/allende637.mx\/wp-content\/uploads\/2026\/01\/0901-1080-x-1080-px-1-1024x1024.png\" alt=\"\" class=\"wp-image-3520\" srcset=\"https:\/\/allende637.mx\/wp-content\/uploads\/2026\/01\/0901-1080-x-1080-px-1-1024x1024.png 1024w, https:\/\/allende637.mx\/wp-content\/uploads\/2026\/01\/0901-1080-x-1080-px-1-300x300.png 300w, https:\/\/allende637.mx\/wp-content\/uploads\/2026\/01\/0901-1080-x-1080-px-1-150x150.png 150w, https:\/\/allende637.mx\/wp-content\/uploads\/2026\/01\/0901-1080-x-1080-px-1-768x768.png 768w, https:\/\/allende637.mx\/wp-content\/uploads\/2026\/01\/0901-1080-x-1080-px-1-75x75.png 75w, https:\/\/allende637.mx\/wp-content\/uploads\/2026\/01\/0901-1080-x-1080-px-1.png 1080w\" sizes=\"auto, (max-width: 1024px) 100vw, 1024px\" \/><\/figure>\n<\/div>\n\n\n<p><\/p>\n","protected":false},"excerpt":{"rendered":"<p>\u00a1Te invitamos al primer concierto del 2026 en Allende 637! Recibimos de nueva cuenta a los talentosos Adrien Brandeis y Roberto Vizca\u00edno presentando \u00abR\u00e9surgence\u00bb, el 4to \u00e1lbum de estudio compuesto, producido e interpretado por Adrien Brandeis, un proyecto con composiciones profundas y exigentes, interpretadas con una expresividad musical que nos deleita con una diversidad de ritmos llevado por melod\u00edas impregnantes y una gran riqueza arm\u00f3nica. Ven y forma parte de concierto de piano y percusiones con trece composicionesrebosantes de lat\u00edn jazz afrocubano, con pinceladas de funk, swing, temas lentos y momentos impresionistas. Realiza tus reservaciones en\ud83d\udc49 https:\/\/allende637.mx\/reservas\/\ud83d\udc49Pago solo en efectivo\ud83d\udc48<\/p>\n","protected":false},"author":1,"featured_media":3519,"comment_status":"closed","ping_status":"open","sticky":false,"template":"","format":"standard","meta":{"_acf_changed":false,"footnotes":""},"categories":[9,13,12],"tags":[],"class_list":["post-3518","post","type-post","status-publish","format-standard","has-post-thumbnail","hentry","category-actividades","category-cartelera-musical","category-conciertos-cartelera-musical"],"acf":[],"_links":{"self":[{"href":"https:\/\/allende637.mx\/index.php?rest_route=\/wp\/v2\/posts\/3518","targetHints":{"allow":["GET"]}}],"collection":[{"href":"https:\/\/allende637.mx\/index.php?rest_route=\/wp\/v2\/posts"}],"about":[{"href":"https:\/\/allende637.mx\/index.php?rest_route=\/wp\/v2\/types\/post"}],"author":[{"embeddable":true,"href":"https:\/\/allende637.mx\/index.php?rest_route=\/wp\/v2\/users\/1"}],"replies":[{"embeddable":true,"href":"https:\/\/allende637.mx\/index.php?rest_route=%2Fwp%2Fv2%2Fcomments&post=3518"}],"version-history":[{"count":1,"href":"https:\/\/allende637.mx\/index.php?rest_route=\/wp\/v2\/posts\/3518\/revisions"}],"predecessor-version":[{"id":3521,"href":"https:\/\/allende637.mx\/index.php?rest_route=\/wp\/v2\/posts\/3518\/revisions\/3521"}],"wp:featuredmedia":[{"embeddable":true,"href":"https:\/\/allende637.mx\/index.php?rest_route=\/wp\/v2\/media\/3519"}],"wp:attachment":[{"href":"https:\/\/allende637.mx\/index.php?rest_route=%2Fwp%2Fv2%2Fmedia&parent=3518"}],"wp:term":[{"taxonomy":"category","embeddable":true,"href":"https:\/\/allende637.mx\/index.php?rest_route=%2Fwp%2Fv2%2Fcategories&post=3518"},{"taxonomy":"post_tag","embeddable":true,"href":"https:\/\/allende637.mx\/index.php?rest_route=%2Fwp%2Fv2%2Ftags&post=3518"}],"curies":[{"name":"wp","href":"https:\/\/api.w.org\/{rel}","templated":true}]}}