{"id":3522,"date":"2026-01-08T20:10:12","date_gmt":"2026-01-09T02:10:12","guid":{"rendered":"https:\/\/allende637.mx\/?p=3522"},"modified":"2026-01-08T20:10:13","modified_gmt":"2026-01-09T02:10:13","slug":"velada-literario-musical-celso-chavez-mendoza-palabra-que-piensa-musica-que-transmite","status":"publish","type":"post","link":"https:\/\/allende637.mx\/?p=3522","title":{"rendered":"Velada Literario Musical \u00abCelso Ch\u00e1vez Mendoza\u00bb Palabra que piensa, m\u00fasica que transmite"},"content":{"rendered":"\n<p>Velada Literario-Musical en Allende 637, Celso Ch\u00e1vez Mendoza. Palabra que piensa, m\u00fasica que transmite. El Centro Cultural Allende 637 se honra en presentar la Velada Literario-Musical con la que se dar\u00e1 cierre al Centenario del natalicio del maestro Celso Ch\u00e1vez Mendoza (1925\u20132006), figura fundamental de la vida musical y cultural de Morelia y de Michoac\u00e1n. Esta velada propone un acercamiento a una de las facetas quiz\u00e1 menos conocidas, pero de gran riqueza y profundidad del maestro Celso: su obra literaria. A trav\u00e9s de la lectura de textos po\u00e9ticos, piezas de humor fino, reflexiones en verso y relatos de ingenio, intercalados con la interpretaci\u00f3n de obras musicales significativas de su autor\u00eda, el p\u00fablico podr\u00e1 descubrir al hombre de palabra l\u00facida, sensible y profundamente humano. Te invitamos a ser parte de esta actividad que contribuye a la preservaci\u00f3n, difusi\u00f3n y celebraci\u00f3n de la memoria cultural de nuestra ciudad y con la que culmina las actividades por el centenario del aniversario del natalicio del maestro Celso Ch\u00e1vez Mendoza.<\/p>\n\n\n\n<figure class=\"wp-block-image size-large\"><img loading=\"lazy\" decoding=\"async\" width=\"1024\" height=\"1024\" src=\"https:\/\/allende637.mx\/wp-content\/uploads\/2026\/01\/002-MCCM-Clausura-RRSS-031-1-1024x1024.jpg\" alt=\"\" class=\"wp-image-3524\" srcset=\"https:\/\/allende637.mx\/wp-content\/uploads\/2026\/01\/002-MCCM-Clausura-RRSS-031-1-1024x1024.jpg 1024w, https:\/\/allende637.mx\/wp-content\/uploads\/2026\/01\/002-MCCM-Clausura-RRSS-031-1-300x300.jpg 300w, https:\/\/allende637.mx\/wp-content\/uploads\/2026\/01\/002-MCCM-Clausura-RRSS-031-1-150x150.jpg 150w, https:\/\/allende637.mx\/wp-content\/uploads\/2026\/01\/002-MCCM-Clausura-RRSS-031-1-768x768.jpg 768w, https:\/\/allende637.mx\/wp-content\/uploads\/2026\/01\/002-MCCM-Clausura-RRSS-031-1-75x75.jpg 75w, https:\/\/allende637.mx\/wp-content\/uploads\/2026\/01\/002-MCCM-Clausura-RRSS-031-1.jpg 1080w\" sizes=\"auto, (max-width: 1024px) 100vw, 1024px\" \/><\/figure>\n","protected":false},"excerpt":{"rendered":"<p>Velada Literario-Musical en Allende 637, Celso Ch\u00e1vez Mendoza. Palabra que piensa, m\u00fasica que transmite. El Centro Cultural Allende 637 se honra en presentar la Velada Literario-Musical con la que se dar\u00e1 cierre al Centenario del natalicio del maestro Celso Ch\u00e1vez Mendoza (1925\u20132006), figura fundamental de la vida musical y cultural de Morelia y de Michoac\u00e1n. Esta velada propone un acercamiento a una de las facetas quiz\u00e1 menos conocidas, pero de gran riqueza y profundidad del maestro Celso: su obra literaria. A trav\u00e9s de la lectura de textos po\u00e9ticos, piezas de humor fino, reflexiones en verso y relatos de ingenio, intercalados con la interpretaci\u00f3n de obras musicales significativas de su autor\u00eda, el p\u00fablico podr\u00e1 descubrir al hombre de palabra l\u00facida, sensible y profundamente humano. Te invitamos a ser parte de esta actividad que contribuye a la preservaci\u00f3n, difusi\u00f3n y celebraci\u00f3n de la memoria cultural de nuestra ciudad y con la que culmina las actividades por el centenario del aniversario del natalicio del maestro Celso Ch\u00e1vez Mendoza.<\/p>\n","protected":false},"author":1,"featured_media":3523,"comment_status":"closed","ping_status":"open","sticky":false,"template":"","format":"standard","meta":{"_acf_changed":false,"footnotes":""},"categories":[9,13,12],"tags":[],"class_list":["post-3522","post","type-post","status-publish","format-standard","has-post-thumbnail","hentry","category-actividades","category-cartelera-musical","category-conciertos-cartelera-musical"],"acf":[],"_links":{"self":[{"href":"https:\/\/allende637.mx\/index.php?rest_route=\/wp\/v2\/posts\/3522","targetHints":{"allow":["GET"]}}],"collection":[{"href":"https:\/\/allende637.mx\/index.php?rest_route=\/wp\/v2\/posts"}],"about":[{"href":"https:\/\/allende637.mx\/index.php?rest_route=\/wp\/v2\/types\/post"}],"author":[{"embeddable":true,"href":"https:\/\/allende637.mx\/index.php?rest_route=\/wp\/v2\/users\/1"}],"replies":[{"embeddable":true,"href":"https:\/\/allende637.mx\/index.php?rest_route=%2Fwp%2Fv2%2Fcomments&post=3522"}],"version-history":[{"count":1,"href":"https:\/\/allende637.mx\/index.php?rest_route=\/wp\/v2\/posts\/3522\/revisions"}],"predecessor-version":[{"id":3525,"href":"https:\/\/allende637.mx\/index.php?rest_route=\/wp\/v2\/posts\/3522\/revisions\/3525"}],"wp:featuredmedia":[{"embeddable":true,"href":"https:\/\/allende637.mx\/index.php?rest_route=\/wp\/v2\/media\/3523"}],"wp:attachment":[{"href":"https:\/\/allende637.mx\/index.php?rest_route=%2Fwp%2Fv2%2Fmedia&parent=3522"}],"wp:term":[{"taxonomy":"category","embeddable":true,"href":"https:\/\/allende637.mx\/index.php?rest_route=%2Fwp%2Fv2%2Fcategories&post=3522"},{"taxonomy":"post_tag","embeddable":true,"href":"https:\/\/allende637.mx\/index.php?rest_route=%2Fwp%2Fv2%2Ftags&post=3522"}],"curies":[{"name":"wp","href":"https:\/\/api.w.org\/{rel}","templated":true}]}}