{"id":3526,"date":"2026-01-08T20:12:50","date_gmt":"2026-01-09T02:12:50","guid":{"rendered":"https:\/\/allende637.mx\/?p=3526"},"modified":"2026-01-08T20:12:52","modified_gmt":"2026-01-09T02:12:52","slug":"beyond-the-score-concierto-coral-de-recaudacion-coro-del-centro-cultural-allende-637","status":"publish","type":"post","link":"https:\/\/allende637.mx\/?p=3526","title":{"rendered":"Beyond the score, Concierto Coral de Recaudaci\u00f3n \/ Coro del Centro Cultural Allende 637"},"content":{"rendered":"\n<p>\u00a1Ven y apoya al coro profesional de Allende 637! El Coro del Centro Cultural Allende 637 es un proyecto voluntario con una identidad art\u00edstica s\u00f3lida, especializado en polifon\u00eda, m\u00fasica del siglo XX y jazz, destacando por su calidad, innovaci\u00f3n y trabajo colectivo. \u00abBeyond the score: Jazz y m\u00fasica vocal del siglo XX\u00bb es un concierto que representa un paso hacia su sostenibilidad, destinando los recursos recaudados al desarrollo art\u00edstico, la profesionalizaci\u00f3n y el mantenimiento del coro. Apoyar este proyecto significa impulsar la permanencia y crecimiento de un coro mexicano comprometido con altos est\u00e1ndares musicales y la difusi\u00f3n de m\u00fasica coral a largo plazo. Te esperamos el s\u00e1bado 17 de enero para una noche inolvidable.<\/p>\n\n\n\n<p>Reservaciones en allende637.mx\/reservas<\/p>\n\n\n\n<figure class=\"wp-block-image size-large\"><img loading=\"lazy\" decoding=\"async\" width=\"1024\" height=\"1024\" src=\"https:\/\/allende637.mx\/wp-content\/uploads\/2026\/01\/1080-X-1080-PROMOCIONAL-1024x1024.jpg\" alt=\"\" class=\"wp-image-3527\" srcset=\"https:\/\/allende637.mx\/wp-content\/uploads\/2026\/01\/1080-X-1080-PROMOCIONAL-1024x1024.jpg 1024w, https:\/\/allende637.mx\/wp-content\/uploads\/2026\/01\/1080-X-1080-PROMOCIONAL-300x300.jpg 300w, https:\/\/allende637.mx\/wp-content\/uploads\/2026\/01\/1080-X-1080-PROMOCIONAL-150x150.jpg 150w, https:\/\/allende637.mx\/wp-content\/uploads\/2026\/01\/1080-X-1080-PROMOCIONAL-768x768.jpg 768w, https:\/\/allende637.mx\/wp-content\/uploads\/2026\/01\/1080-X-1080-PROMOCIONAL-75x75.jpg 75w, https:\/\/allende637.mx\/wp-content\/uploads\/2026\/01\/1080-X-1080-PROMOCIONAL.jpg 1080w\" sizes=\"auto, (max-width: 1024px) 100vw, 1024px\" \/><\/figure>\n","protected":false},"excerpt":{"rendered":"<p>\u00a1Ven y apoya al coro profesional de Allende 637! El Coro del Centro Cultural Allende 637 es un proyecto voluntario con una identidad art\u00edstica s\u00f3lida, especializado en polifon\u00eda, m\u00fasica del siglo XX y jazz, destacando por su calidad, innovaci\u00f3n y trabajo colectivo. \u00abBeyond the score: Jazz y m\u00fasica vocal del siglo XX\u00bb es un concierto que representa un paso hacia su sostenibilidad, destinando los recursos recaudados al desarrollo art\u00edstico, la profesionalizaci\u00f3n y el mantenimiento del coro. Apoyar este proyecto significa impulsar la permanencia y crecimiento de un coro mexicano comprometido con altos est\u00e1ndares musicales y la difusi\u00f3n de m\u00fasica coral a largo plazo. Te esperamos el s\u00e1bado 17 de enero para una noche inolvidable. Reservaciones en allende637.mx\/reservas<\/p>\n","protected":false},"author":1,"featured_media":3527,"comment_status":"closed","ping_status":"open","sticky":false,"template":"","format":"standard","meta":{"_acf_changed":false,"footnotes":""},"categories":[9,13,12],"tags":[],"class_list":["post-3526","post","type-post","status-publish","format-standard","has-post-thumbnail","hentry","category-actividades","category-cartelera-musical","category-conciertos-cartelera-musical"],"acf":[],"_links":{"self":[{"href":"https:\/\/allende637.mx\/index.php?rest_route=\/wp\/v2\/posts\/3526","targetHints":{"allow":["GET"]}}],"collection":[{"href":"https:\/\/allende637.mx\/index.php?rest_route=\/wp\/v2\/posts"}],"about":[{"href":"https:\/\/allende637.mx\/index.php?rest_route=\/wp\/v2\/types\/post"}],"author":[{"embeddable":true,"href":"https:\/\/allende637.mx\/index.php?rest_route=\/wp\/v2\/users\/1"}],"replies":[{"embeddable":true,"href":"https:\/\/allende637.mx\/index.php?rest_route=%2Fwp%2Fv2%2Fcomments&post=3526"}],"version-history":[{"count":1,"href":"https:\/\/allende637.mx\/index.php?rest_route=\/wp\/v2\/posts\/3526\/revisions"}],"predecessor-version":[{"id":3528,"href":"https:\/\/allende637.mx\/index.php?rest_route=\/wp\/v2\/posts\/3526\/revisions\/3528"}],"wp:featuredmedia":[{"embeddable":true,"href":"https:\/\/allende637.mx\/index.php?rest_route=\/wp\/v2\/media\/3527"}],"wp:attachment":[{"href":"https:\/\/allende637.mx\/index.php?rest_route=%2Fwp%2Fv2%2Fmedia&parent=3526"}],"wp:term":[{"taxonomy":"category","embeddable":true,"href":"https:\/\/allende637.mx\/index.php?rest_route=%2Fwp%2Fv2%2Fcategories&post=3526"},{"taxonomy":"post_tag","embeddable":true,"href":"https:\/\/allende637.mx\/index.php?rest_route=%2Fwp%2Fv2%2Ftags&post=3526"}],"curies":[{"name":"wp","href":"https:\/\/api.w.org\/{rel}","templated":true}]}}