{"id":3529,"date":"2026-01-08T20:18:24","date_gmt":"2026-01-09T02:18:24","guid":{"rendered":"https:\/\/allende637.mx\/?p=3529"},"modified":"2026-01-08T20:18:25","modified_gmt":"2026-01-09T02:18:25","slug":"los-doce-de-allende-637-programa-1-faustino-diaz-trombon-antonio-santoyo-piano","status":"publish","type":"post","link":"https:\/\/allende637.mx\/?p=3529","title":{"rendered":"Los Doce de Allende 637\/ Programa 1 &#8211; Faustino D\u00edaz, Tromb\u00f3n &#8211; Antonio Santoyo, piano."},"content":{"rendered":"\n<p>\u00a1Te invitamos a la serie de conciertos Los Doce de Allende 637!<\/p>\n\n\n\n<p><a><\/a>Comenzamos nuestro primer programa recibiendo y presentando a los maestros Faustino D\u00edaz, en el tromb\u00f3n y Antonio Santoyo, al piano, quienes nos ofrecen un programa que no te puedes perder.<\/p>\n\n\n\n<p>La cita es el pr\u00f3ximo jueves 15 de enero a las 20 horas, en la magn\u00edfica sala de conciertos Francis Poulenc de este centro cultural. La entrada es libre, as\u00ed que aparta la fecha y ven a vivir esta gran experiencia musical.<\/p>\n\n\n\n<p>\u00a1No te lo pierdas!<\/p>\n\n\n\n<figure class=\"wp-block-image size-large\"><img loading=\"lazy\" decoding=\"async\" width=\"1024\" height=\"1024\" src=\"https:\/\/allende637.mx\/wp-content\/uploads\/2026\/01\/1501Cuadrado1-1024x1024.png\" alt=\"\" class=\"wp-image-3530\" srcset=\"https:\/\/allende637.mx\/wp-content\/uploads\/2026\/01\/1501Cuadrado1-1024x1024.png 1024w, https:\/\/allende637.mx\/wp-content\/uploads\/2026\/01\/1501Cuadrado1-300x300.png 300w, https:\/\/allende637.mx\/wp-content\/uploads\/2026\/01\/1501Cuadrado1-150x150.png 150w, https:\/\/allende637.mx\/wp-content\/uploads\/2026\/01\/1501Cuadrado1-768x768.png 768w, https:\/\/allende637.mx\/wp-content\/uploads\/2026\/01\/1501Cuadrado1-75x75.png 75w, https:\/\/allende637.mx\/wp-content\/uploads\/2026\/01\/1501Cuadrado1.png 1080w\" sizes=\"auto, (max-width: 1024px) 100vw, 1024px\" \/><\/figure>\n\n\n\n<figure class=\"wp-block-image size-large\"><img loading=\"lazy\" decoding=\"async\" width=\"1024\" height=\"1024\" src=\"https:\/\/allende637.mx\/wp-content\/uploads\/2026\/01\/1501Cuadrado2-1-1024x1024.png\" alt=\"\" class=\"wp-image-3532\" srcset=\"https:\/\/allende637.mx\/wp-content\/uploads\/2026\/01\/1501Cuadrado2-1-1024x1024.png 1024w, https:\/\/allende637.mx\/wp-content\/uploads\/2026\/01\/1501Cuadrado2-1-300x300.png 300w, https:\/\/allende637.mx\/wp-content\/uploads\/2026\/01\/1501Cuadrado2-1-150x150.png 150w, https:\/\/allende637.mx\/wp-content\/uploads\/2026\/01\/1501Cuadrado2-1-768x768.png 768w, https:\/\/allende637.mx\/wp-content\/uploads\/2026\/01\/1501Cuadrado2-1-75x75.png 75w, https:\/\/allende637.mx\/wp-content\/uploads\/2026\/01\/1501Cuadrado2-1.png 1080w\" sizes=\"auto, (max-width: 1024px) 100vw, 1024px\" \/><\/figure>\n","protected":false},"excerpt":{"rendered":"<p>\u00a1Te invitamos a la serie de conciertos Los Doce de Allende 637! Comenzamos nuestro primer programa recibiendo y presentando a los maestros Faustino D\u00edaz, en el tromb\u00f3n y Antonio Santoyo, al piano, quienes nos ofrecen un programa que no te puedes perder. La cita es el pr\u00f3ximo jueves 15 de enero a las 20 horas, en la magn\u00edfica sala de conciertos Francis Poulenc de este centro cultural. La entrada es libre, as\u00ed que aparta la fecha y ven a vivir esta gran experiencia musical. \u00a1No te lo pierdas!<\/p>\n","protected":false},"author":1,"featured_media":3530,"comment_status":"closed","ping_status":"open","sticky":false,"template":"","format":"standard","meta":{"_acf_changed":false,"footnotes":""},"categories":[9,13,12],"tags":[],"class_list":["post-3529","post","type-post","status-publish","format-standard","has-post-thumbnail","hentry","category-actividades","category-cartelera-musical","category-conciertos-cartelera-musical"],"acf":[],"_links":{"self":[{"href":"https:\/\/allende637.mx\/index.php?rest_route=\/wp\/v2\/posts\/3529","targetHints":{"allow":["GET"]}}],"collection":[{"href":"https:\/\/allende637.mx\/index.php?rest_route=\/wp\/v2\/posts"}],"about":[{"href":"https:\/\/allende637.mx\/index.php?rest_route=\/wp\/v2\/types\/post"}],"author":[{"embeddable":true,"href":"https:\/\/allende637.mx\/index.php?rest_route=\/wp\/v2\/users\/1"}],"replies":[{"embeddable":true,"href":"https:\/\/allende637.mx\/index.php?rest_route=%2Fwp%2Fv2%2Fcomments&post=3529"}],"version-history":[{"count":1,"href":"https:\/\/allende637.mx\/index.php?rest_route=\/wp\/v2\/posts\/3529\/revisions"}],"predecessor-version":[{"id":3533,"href":"https:\/\/allende637.mx\/index.php?rest_route=\/wp\/v2\/posts\/3529\/revisions\/3533"}],"wp:featuredmedia":[{"embeddable":true,"href":"https:\/\/allende637.mx\/index.php?rest_route=\/wp\/v2\/media\/3530"}],"wp:attachment":[{"href":"https:\/\/allende637.mx\/index.php?rest_route=%2Fwp%2Fv2%2Fmedia&parent=3529"}],"wp:term":[{"taxonomy":"category","embeddable":true,"href":"https:\/\/allende637.mx\/index.php?rest_route=%2Fwp%2Fv2%2Fcategories&post=3529"},{"taxonomy":"post_tag","embeddable":true,"href":"https:\/\/allende637.mx\/index.php?rest_route=%2Fwp%2Fv2%2Ftags&post=3529"}],"curies":[{"name":"wp","href":"https:\/\/api.w.org\/{rel}","templated":true}]}}