{"id":3538,"date":"2026-01-16T21:26:22","date_gmt":"2026-01-17T03:26:22","guid":{"rendered":"https:\/\/allende637.mx\/?p=3538"},"modified":"2026-01-16T21:27:07","modified_gmt":"2026-01-17T03:27:07","slug":"programacion-artistica-el-nido-del-cenzontle-conjunto-de-arpa-grande-la-arena-de-oro","status":"publish","type":"post","link":"https:\/\/allende637.mx\/?p=3538","title":{"rendered":"Programaci\u00f3n Art\u00edstica El nido del Cenzontle\/Conjunto de Arpa Grande, La Arena de Oro."},"content":{"rendered":"\n<p>\u00a1Ha llegado la programaci\u00f3n art\u00edstica de El nido del cenzontle en Allende 637!<\/p>\n\n\n\n<p>Te invitamos a ser parte del primer evento art\u00edstico seleccionado en la convocatoria de invierno de El nido del Cenzontle.<\/p>\n\n\n\n<p>Estaremos presentando al Conjunto de Arpa Grande, La Arena de Oro, en un concierto que nos mostrar\u00e1 un panorama sobre la diversidad de g\u00e9neros musicales que se interpretan en la regi\u00f3n de Tierra Caliente. Cada uno de estos g\u00e9neros presenta una estructura r\u00edtmica, progresiones arm\u00f3nicas y arreglos mel\u00f3dicos caracter\u00edsticos, as\u00ed como funciones sociales y culturales espec\u00edficas, entre los cuales podremos disfrutar de sones, malague\u00f1as, valonas, jarabes, pasacalles, indias \u00a1y m\u00e1s!<\/p>\n\n\n\n<p>Realiza tus reservaciones en el siguiente enlace allende637.mx\/reservas<\/p>\n\n\n\n<p>\u00a1Te esperamos!<\/p>\n\n\n\n<figure class=\"wp-block-image size-large\"><img loading=\"lazy\" decoding=\"async\" width=\"1024\" height=\"1024\" src=\"https:\/\/allende637.mx\/wp-content\/uploads\/2026\/01\/1_29-01-1080-x-1080-px-1024x1024.png\" alt=\"\" class=\"wp-image-3539\" srcset=\"https:\/\/allende637.mx\/wp-content\/uploads\/2026\/01\/1_29-01-1080-x-1080-px-1024x1024.png 1024w, https:\/\/allende637.mx\/wp-content\/uploads\/2026\/01\/1_29-01-1080-x-1080-px-300x300.png 300w, https:\/\/allende637.mx\/wp-content\/uploads\/2026\/01\/1_29-01-1080-x-1080-px-150x150.png 150w, https:\/\/allende637.mx\/wp-content\/uploads\/2026\/01\/1_29-01-1080-x-1080-px-768x768.png 768w, https:\/\/allende637.mx\/wp-content\/uploads\/2026\/01\/1_29-01-1080-x-1080-px-75x75.png 75w, https:\/\/allende637.mx\/wp-content\/uploads\/2026\/01\/1_29-01-1080-x-1080-px.png 1080w\" sizes=\"auto, (max-width: 1024px) 100vw, 1024px\" \/><\/figure>\n","protected":false},"excerpt":{"rendered":"<p>\u00a1Ha llegado la programaci\u00f3n art\u00edstica de El nido del cenzontle en Allende 637! Te invitamos a ser parte del primer evento art\u00edstico seleccionado en la convocatoria de invierno de El nido del Cenzontle. Estaremos presentando al Conjunto de Arpa Grande, La Arena de Oro, en un concierto que nos mostrar\u00e1 un panorama sobre la diversidad de g\u00e9neros musicales que se interpretan en la regi\u00f3n de Tierra Caliente. Cada uno de estos g\u00e9neros presenta una estructura r\u00edtmica, progresiones arm\u00f3nicas y arreglos mel\u00f3dicos caracter\u00edsticos, as\u00ed como funciones sociales y culturales espec\u00edficas, entre los cuales podremos disfrutar de sones, malague\u00f1as, valonas, jarabes, pasacalles, indias \u00a1y m\u00e1s! Realiza tus reservaciones en el siguiente enlace allende637.mx\/reservas \u00a1Te esperamos!<\/p>\n","protected":false},"author":1,"featured_media":3539,"comment_status":"closed","ping_status":"open","sticky":false,"template":"","format":"standard","meta":{"_acf_changed":false,"footnotes":""},"categories":[9,13,12],"tags":[],"class_list":["post-3538","post","type-post","status-publish","format-standard","has-post-thumbnail","hentry","category-actividades","category-cartelera-musical","category-conciertos-cartelera-musical"],"acf":[],"_links":{"self":[{"href":"https:\/\/allende637.mx\/index.php?rest_route=\/wp\/v2\/posts\/3538","targetHints":{"allow":["GET"]}}],"collection":[{"href":"https:\/\/allende637.mx\/index.php?rest_route=\/wp\/v2\/posts"}],"about":[{"href":"https:\/\/allende637.mx\/index.php?rest_route=\/wp\/v2\/types\/post"}],"author":[{"embeddable":true,"href":"https:\/\/allende637.mx\/index.php?rest_route=\/wp\/v2\/users\/1"}],"replies":[{"embeddable":true,"href":"https:\/\/allende637.mx\/index.php?rest_route=%2Fwp%2Fv2%2Fcomments&post=3538"}],"version-history":[{"count":1,"href":"https:\/\/allende637.mx\/index.php?rest_route=\/wp\/v2\/posts\/3538\/revisions"}],"predecessor-version":[{"id":3540,"href":"https:\/\/allende637.mx\/index.php?rest_route=\/wp\/v2\/posts\/3538\/revisions\/3540"}],"wp:featuredmedia":[{"embeddable":true,"href":"https:\/\/allende637.mx\/index.php?rest_route=\/wp\/v2\/media\/3539"}],"wp:attachment":[{"href":"https:\/\/allende637.mx\/index.php?rest_route=%2Fwp%2Fv2%2Fmedia&parent=3538"}],"wp:term":[{"taxonomy":"category","embeddable":true,"href":"https:\/\/allende637.mx\/index.php?rest_route=%2Fwp%2Fv2%2Fcategories&post=3538"},{"taxonomy":"post_tag","embeddable":true,"href":"https:\/\/allende637.mx\/index.php?rest_route=%2Fwp%2Fv2%2Ftags&post=3538"}],"curies":[{"name":"wp","href":"https:\/\/api.w.org\/{rel}","templated":true}]}}