{"id":3541,"date":"2026-01-17T11:56:40","date_gmt":"2026-01-17T17:56:40","guid":{"rendered":"https:\/\/allende637.mx\/?p=3541"},"modified":"2026-01-17T12:06:51","modified_gmt":"2026-01-17T18:06:51","slug":"recital-de-violoncello-y-piano-barbara-piotrowska-fernando-saint-martin","status":"publish","type":"post","link":"https:\/\/allende637.mx\/?p=3541","title":{"rendered":"Recital de violoncello y piano\/B\u00e1rbara Piotrowska \u2013 Fernando Saint-Martin"},"content":{"rendered":"\n<p>\u00a1Esperamos verte en Allende 637!<\/p>\n\n\n\n<p><a><\/a>No te pierdas el recital de piano y violoncello y vive una experiencia musical \u00fanica y envolvente. Fernando Saint-Martin y B\u00e1rbara Piotrowska, nos brindar\u00e1n una interpretaci\u00f3n llena de emoci\u00f3n y virtuosismo con la m\u00fasica de Manuel M. Ponce y Fr\u00e9d\u00e9ric Chopin.<\/p>\n\n\n\n<p>Asiste a este di\u00e1logo sonoro, es una gran oportunidad para sumergirse en la m\u00fasica cl\u00e1sica y disfrutar de la habilidad y el talento de dos profesionales de la m\u00fasica.<\/p>\n\n\n\n<p>\u00a1Reserva tus espacios y no te quedes fuera!<\/p>\n\n\n\n<p>Reservaciones<img loading=\"lazy\" decoding=\"async\" height=\"16\" width=\"16\" alt=\"\u27a1\ufe0f\" src=\"https:\/\/static.xx.fbcdn.net\/images\/emoji.php\/v9\/t1f\/2\/16\/27a1.png\"><a href=\"https:\/\/allende637.mx\/reservas\/?fbclid=IwZXh0bgNhZW0CMTAAYnJpZBExa2prWVBnWEkyeGI0aHpVR3NydGMGYXBwX2lkDzUxNDc3MTU2OTIyODA2MQABHsBEBmBttHFmU8Oi7TQFQ7UmTl22YPLPXwLQJ1GaPTchxs3IVYudItH2Ufyp_aem_ZCdVNUqDG-qzLCeRH8CrOw\" rel=\"noreferrer noopener\" target=\"_blank\">https:\/\/allende637.mx\/reservas\/<\/a><\/p>\n\n\n\n<p><\/p>\n\n\n\n<p><\/p>\n\n\n\n<figure class=\"wp-block-image size-large\"><img loading=\"lazy\" decoding=\"async\" width=\"1024\" height=\"1024\" src=\"https:\/\/allende637.mx\/wp-content\/uploads\/2026\/01\/1-1-1024x1024.png\" alt=\"\" class=\"wp-image-3543\" srcset=\"https:\/\/allende637.mx\/wp-content\/uploads\/2026\/01\/1-1-1024x1024.png 1024w, https:\/\/allende637.mx\/wp-content\/uploads\/2026\/01\/1-1-300x300.png 300w, https:\/\/allende637.mx\/wp-content\/uploads\/2026\/01\/1-1-150x150.png 150w, https:\/\/allende637.mx\/wp-content\/uploads\/2026\/01\/1-1-768x768.png 768w, https:\/\/allende637.mx\/wp-content\/uploads\/2026\/01\/1-1-75x75.png 75w, https:\/\/allende637.mx\/wp-content\/uploads\/2026\/01\/1-1.png 1080w\" sizes=\"auto, (max-width: 1024px) 100vw, 1024px\" \/><\/figure>\n\n\n\n<figure class=\"wp-block-image size-large\"><img loading=\"lazy\" decoding=\"async\" width=\"1024\" height=\"1024\" src=\"https:\/\/allende637.mx\/wp-content\/uploads\/2026\/01\/2-1024x1024.png\" alt=\"\" class=\"wp-image-3544\" srcset=\"https:\/\/allende637.mx\/wp-content\/uploads\/2026\/01\/2-1024x1024.png 1024w, https:\/\/allende637.mx\/wp-content\/uploads\/2026\/01\/2-300x300.png 300w, https:\/\/allende637.mx\/wp-content\/uploads\/2026\/01\/2-150x150.png 150w, https:\/\/allende637.mx\/wp-content\/uploads\/2026\/01\/2-768x768.png 768w, https:\/\/allende637.mx\/wp-content\/uploads\/2026\/01\/2-75x75.png 75w, https:\/\/allende637.mx\/wp-content\/uploads\/2026\/01\/2.png 1080w\" sizes=\"auto, (max-width: 1024px) 100vw, 1024px\" \/><\/figure>\n\n\n\n<figure class=\"wp-block-image size-large\"><img loading=\"lazy\" decoding=\"async\" width=\"1024\" height=\"1024\" src=\"https:\/\/allende637.mx\/wp-content\/uploads\/2026\/01\/3-1024x1024.png\" alt=\"\" class=\"wp-image-3545\" srcset=\"https:\/\/allende637.mx\/wp-content\/uploads\/2026\/01\/3-1024x1024.png 1024w, https:\/\/allende637.mx\/wp-content\/uploads\/2026\/01\/3-300x300.png 300w, https:\/\/allende637.mx\/wp-content\/uploads\/2026\/01\/3-150x150.png 150w, https:\/\/allende637.mx\/wp-content\/uploads\/2026\/01\/3-768x768.png 768w, https:\/\/allende637.mx\/wp-content\/uploads\/2026\/01\/3-75x75.png 75w, https:\/\/allende637.mx\/wp-content\/uploads\/2026\/01\/3.png 1080w\" sizes=\"auto, (max-width: 1024px) 100vw, 1024px\" \/><\/figure>\n\n\n\n<figure class=\"wp-block-image size-large\"><img loading=\"lazy\" decoding=\"async\" width=\"1080\" height=\"1080\" src=\"https:\/\/allende637.mx\/wp-content\/uploads\/2026\/01\/4-1024x1024.png\" alt=\"\" class=\"wp-image-3546\" srcset=\"https:\/\/allende637.mx\/wp-content\/uploads\/2026\/01\/4-1024x1024.png 1024w, https:\/\/allende637.mx\/wp-content\/uploads\/2026\/01\/4-300x300.png 300w, https:\/\/allende637.mx\/wp-content\/uploads\/2026\/01\/4-150x150.png 150w, https:\/\/allende637.mx\/wp-content\/uploads\/2026\/01\/4-768x768.png 768w, https:\/\/allende637.mx\/wp-content\/uploads\/2026\/01\/4-75x75.png 75w, https:\/\/allende637.mx\/wp-content\/uploads\/2026\/01\/4.png 1080w\" sizes=\"auto, (max-width: 1080px) 100vw, 1080px\" \/><\/figure>\n","protected":false},"excerpt":{"rendered":"<p>\u00a1Esperamos verte en Allende 637! No te pierdas el recital de piano y violoncello y vive una experiencia musical \u00fanica y envolvente. Fernando Saint-Martin y B\u00e1rbara Piotrowska, nos brindar\u00e1n una interpretaci\u00f3n llena de emoci\u00f3n y virtuosismo con la m\u00fasica de Manuel M. Ponce y Fr\u00e9d\u00e9ric Chopin. Asiste a este di\u00e1logo sonoro, es una gran oportunidad para sumergirse en la m\u00fasica cl\u00e1sica y disfrutar de la habilidad y el talento de dos profesionales de la m\u00fasica. \u00a1Reserva tus espacios y no te quedes fuera! Reservacioneshttps:\/\/allende637.mx\/reservas\/<\/p>\n","protected":false},"author":1,"featured_media":3542,"comment_status":"closed","ping_status":"open","sticky":false,"template":"","format":"standard","meta":{"_acf_changed":false,"footnotes":""},"categories":[9,13,12],"tags":[],"class_list":["post-3541","post","type-post","status-publish","format-standard","has-post-thumbnail","hentry","category-actividades","category-cartelera-musical","category-conciertos-cartelera-musical"],"acf":[],"_links":{"self":[{"href":"https:\/\/allende637.mx\/index.php?rest_route=\/wp\/v2\/posts\/3541","targetHints":{"allow":["GET"]}}],"collection":[{"href":"https:\/\/allende637.mx\/index.php?rest_route=\/wp\/v2\/posts"}],"about":[{"href":"https:\/\/allende637.mx\/index.php?rest_route=\/wp\/v2\/types\/post"}],"author":[{"embeddable":true,"href":"https:\/\/allende637.mx\/index.php?rest_route=\/wp\/v2\/users\/1"}],"replies":[{"embeddable":true,"href":"https:\/\/allende637.mx\/index.php?rest_route=%2Fwp%2Fv2%2Fcomments&post=3541"}],"version-history":[{"count":1,"href":"https:\/\/allende637.mx\/index.php?rest_route=\/wp\/v2\/posts\/3541\/revisions"}],"predecessor-version":[{"id":3547,"href":"https:\/\/allende637.mx\/index.php?rest_route=\/wp\/v2\/posts\/3541\/revisions\/3547"}],"wp:featuredmedia":[{"embeddable":true,"href":"https:\/\/allende637.mx\/index.php?rest_route=\/wp\/v2\/media\/3542"}],"wp:attachment":[{"href":"https:\/\/allende637.mx\/index.php?rest_route=%2Fwp%2Fv2%2Fmedia&parent=3541"}],"wp:term":[{"taxonomy":"category","embeddable":true,"href":"https:\/\/allende637.mx\/index.php?rest_route=%2Fwp%2Fv2%2Fcategories&post=3541"},{"taxonomy":"post_tag","embeddable":true,"href":"https:\/\/allende637.mx\/index.php?rest_route=%2Fwp%2Fv2%2Ftags&post=3541"}],"curies":[{"name":"wp","href":"https:\/\/api.w.org\/{rel}","templated":true}]}}