{"id":3585,"date":"2026-03-13T21:12:24","date_gmt":"2026-03-14T03:12:24","guid":{"rendered":"https:\/\/allende637.mx\/?p=3585"},"modified":"2026-03-13T21:12:26","modified_gmt":"2026-03-14T03:12:26","slug":"convocatoria-de-verano-para-la-programacion-artistica-de-el-nido-del-cenzontle","status":"publish","type":"post","link":"https:\/\/allende637.mx\/?p=3585","title":{"rendered":"Convocatoria de Verano para la programaci\u00f3n art\u00edstica de El Nido del Cenzontle"},"content":{"rendered":"\n<p>El Centro Cultural Allende 637 convoca a la comunidad art\u00edstica nacional y estatal a participar en la Convocatoria para la Programaci\u00f3n Art\u00edstica de El Nido del Cenzontle en su Temporada de Verano 2026. Las fechas a concursar son los jueves 30 de julio, 27 de agosto, 1 y 29 de octubre.<\/p>\n\n\n\n<p>La fecha l\u00edmite para la recepci\u00f3n de proyectos es el viernes 1 de mayo 2026 a las 23.59 horas.<\/p>\n\n\n\n<p><img loading=\"lazy\" decoding=\"async\" height=\"16\" width=\"16\" src=\"https:\/\/static.xx.fbcdn.net\/images\/emoji.php\/v9\/t52\/2\/16\/1f517.png\" alt=\"\ud83d\udd17\"> Consulta las bases<\/p>\n\n\n\n<p><a href=\"https:\/\/www.facebook.com\/hashtag\/arteyculturaparatodos?__eep__=6&amp;__cft__[0]=AZZK2wfLpkmh_XtiEiXNEIEC2a4D_sImC2gZQ5glTXkXDgCf3I0wq4-5MQr1KOinInTbjXymYxAPXehI7TurOTJeRb6cDOszRqDNJ0aE0MTEThTYlRQ6tX_rQkgDGqh9lsMpE6YfXQvy0AsIVCw9Qlpv&amp;__tn__=*NK-R\" target=\"_blank\" rel=\"noreferrer noopener\">#arteyculturaparatodos<\/a><a href=\"https:\/\/www.facebook.com\/hashtag\/arteyculturaparatodos?__eep__=6&amp;__cft__[0]=AZZK2wfLpkmh_XtiEiXNEIEC2a4D_sImC2gZQ5glTXkXDgCf3I0wq4-5MQr1KOinInTbjXymYxAPXehI7TurOTJeRb6cDOszRqDNJ0aE0MTEThTYlRQ6tX_rQkgDGqh9lsMpE6YfXQvy0AsIVCw9Qlpv&amp;__tn__=*NK-R\" target=\"_blank\" rel=\"noreferrer noopener\">#ArteyCulturaParaTodos<\/a><a href=\"https:\/\/www.facebook.com\/hashtag\/convocatorias?__eep__=6&amp;__cft__[0]=AZZK2wfLpkmh_XtiEiXNEIEC2a4D_sImC2gZQ5glTXkXDgCf3I0wq4-5MQr1KOinInTbjXymYxAPXehI7TurOTJeRb6cDOszRqDNJ0aE0MTEThTYlRQ6tX_rQkgDGqh9lsMpE6YfXQvy0AsIVCw9Qlpv&amp;__tn__=*NK-R\" target=\"_blank\" rel=\"noreferrer noopener\">#convocatorias<\/a><a href=\"https:\/\/www.facebook.com\/hashtag\/convocatorias2025?__eep__=6&amp;__cft__[0]=AZZK2wfLpkmh_XtiEiXNEIEC2a4D_sImC2gZQ5glTXkXDgCf3I0wq4-5MQr1KOinInTbjXymYxAPXehI7TurOTJeRb6cDOszRqDNJ0aE0MTEThTYlRQ6tX_rQkgDGqh9lsMpE6YfXQvy0AsIVCw9Qlpv&amp;__tn__=*NK-R\" target=\"_blank\" rel=\"noreferrer noopener\">#convocatorias2025<\/a><a href=\"https:\/\/www.facebook.com\/hashtag\/convocatoriasdearte?__eep__=6&amp;__cft__[0]=AZZK2wfLpkmh_XtiEiXNEIEC2a4D_sImC2gZQ5glTXkXDgCf3I0wq4-5MQr1KOinInTbjXymYxAPXehI7TurOTJeRb6cDOszRqDNJ0aE0MTEThTYlRQ6tX_rQkgDGqh9lsMpE6YfXQvy0AsIVCw9Qlpv&amp;__tn__=*NK-R\" target=\"_blank\" rel=\"noreferrer noopener\">#convocatoriasdearte<\/a><a href=\"https:\/\/www.facebook.com\/hashtag\/convocatoriasabiertas?__eep__=6&amp;__cft__[0]=AZZK2wfLpkmh_XtiEiXNEIEC2a4D_sImC2gZQ5glTXkXDgCf3I0wq4-5MQr1KOinInTbjXymYxAPXehI7TurOTJeRb6cDOszRqDNJ0aE0MTEThTYlRQ6tX_rQkgDGqh9lsMpE6YfXQvy0AsIVCw9Qlpv&amp;__tn__=*NK-R\" target=\"_blank\" rel=\"noreferrer noopener\">#ConvocatoriasAbiertas<\/a><a href=\"https:\/\/www.facebook.com\/hashtag\/danza?__eep__=6&amp;__cft__[0]=AZZK2wfLpkmh_XtiEiXNEIEC2a4D_sImC2gZQ5glTXkXDgCf3I0wq4-5MQr1KOinInTbjXymYxAPXehI7TurOTJeRb6cDOszRqDNJ0aE0MTEThTYlRQ6tX_rQkgDGqh9lsMpE6YfXQvy0AsIVCw9Qlpv&amp;__tn__=*NK-R\" target=\"_blank\" rel=\"noreferrer noopener\"> <\/a><a href=\"https:\/\/www.facebook.com\/hashtag\/danza?__eep__=6&amp;__cft__[0]=AZZK2wfLpkmh_XtiEiXNEIEC2a4D_sImC2gZQ5glTXkXDgCf3I0wq4-5MQr1KOinInTbjXymYxAPXehI7TurOTJeRb6cDOszRqDNJ0aE0MTEThTYlRQ6tX_rQkgDGqh9lsMpE6YfXQvy0AsIVCw9Qlpv&amp;__tn__=*NK-R\" target=\"_blank\" rel=\"noreferrer noopener\">#danza<\/a><a href=\"https:\/\/www.facebook.com\/hashtag\/musica?__eep__=6&amp;__cft__[0]=AZZK2wfLpkmh_XtiEiXNEIEC2a4D_sImC2gZQ5glTXkXDgCf3I0wq4-5MQr1KOinInTbjXymYxAPXehI7TurOTJeRb6cDOszRqDNJ0aE0MTEThTYlRQ6tX_rQkgDGqh9lsMpE6YfXQvy0AsIVCw9Qlpv&amp;__tn__=*NK-R\" target=\"_blank\" rel=\"noreferrer noopener\">#musica<\/a><a href=\"https:\/\/www.facebook.com\/hashtag\/teatro?__eep__=6&amp;__cft__[0]=AZZK2wfLpkmh_XtiEiXNEIEC2a4D_sImC2gZQ5glTXkXDgCf3I0wq4-5MQr1KOinInTbjXymYxAPXehI7TurOTJeRb6cDOszRqDNJ0aE0MTEThTYlRQ6tX_rQkgDGqh9lsMpE6YfXQvy0AsIVCw9Qlpv&amp;__tn__=*NK-R\" target=\"_blank\" rel=\"noreferrer noopener\">#teatro<\/a><\/p>\n\n\n\n<div data-wp-interactive=\"core\/file\" class=\"wp-block-file\"><object data-wp-bind--hidden=\"!state.hasPdfPreview\" hidden class=\"wp-block-file__embed\" data=\"https:\/\/allende637.mx\/wp-content\/uploads\/2026\/03\/Convocatoria-Verano.pdf\" type=\"application\/pdf\" style=\"width:100%;height:600px\" aria-label=\"Incrustado de Convocatoria Verano.\"><\/object><a id=\"wp-block-file--media-e6264f57-45ad-4e7e-8b4c-5f0469b6825c\" href=\"https:\/\/allende637.mx\/wp-content\/uploads\/2026\/03\/Convocatoria-Verano.pdf\">Convocatoria Verano<\/a><a href=\"https:\/\/allende637.mx\/wp-content\/uploads\/2026\/03\/Convocatoria-Verano.pdf\" class=\"wp-block-file__button wp-element-button\" download aria-describedby=\"wp-block-file--media-e6264f57-45ad-4e7e-8b4c-5f0469b6825c\">Descarga<\/a><\/div>\n","protected":false},"excerpt":{"rendered":"<p>El Centro Cultural Allende 637 convoca a la comunidad art\u00edstica nacional y estatal a participar en la Convocatoria para la Programaci\u00f3n Art\u00edstica de El Nido del Cenzontle en su Temporada de Verano 2026. Las fechas a concursar son los jueves 30 de julio, 27 de agosto, 1 y 29 de octubre. La fecha l\u00edmite para la recepci\u00f3n de proyectos es el viernes 1 de mayo 2026 a las 23.59 horas. Consulta las bases #arteyculturaparatodos#ArteyCulturaParaTodos#convocatorias#convocatorias2025#convocatoriasdearte#ConvocatoriasAbiertas #danza#musica#teatro<\/p>\n","protected":false},"author":1,"featured_media":3586,"comment_status":"closed","ping_status":"open","sticky":false,"template":"","format":"standard","meta":{"_acf_changed":false,"footnotes":""},"categories":[9,11],"tags":[],"class_list":["post-3585","post","type-post","status-publish","format-standard","has-post-thumbnail","hentry","category-actividades","category-convocatorias"],"acf":[],"_links":{"self":[{"href":"https:\/\/allende637.mx\/index.php?rest_route=\/wp\/v2\/posts\/3585","targetHints":{"allow":["GET"]}}],"collection":[{"href":"https:\/\/allende637.mx\/index.php?rest_route=\/wp\/v2\/posts"}],"about":[{"href":"https:\/\/allende637.mx\/index.php?rest_route=\/wp\/v2\/types\/post"}],"author":[{"embeddable":true,"href":"https:\/\/allende637.mx\/index.php?rest_route=\/wp\/v2\/users\/1"}],"replies":[{"embeddable":true,"href":"https:\/\/allende637.mx\/index.php?rest_route=%2Fwp%2Fv2%2Fcomments&post=3585"}],"version-history":[{"count":1,"href":"https:\/\/allende637.mx\/index.php?rest_route=\/wp\/v2\/posts\/3585\/revisions"}],"predecessor-version":[{"id":3588,"href":"https:\/\/allende637.mx\/index.php?rest_route=\/wp\/v2\/posts\/3585\/revisions\/3588"}],"wp:featuredmedia":[{"embeddable":true,"href":"https:\/\/allende637.mx\/index.php?rest_route=\/wp\/v2\/media\/3586"}],"wp:attachment":[{"href":"https:\/\/allende637.mx\/index.php?rest_route=%2Fwp%2Fv2%2Fmedia&parent=3585"}],"wp:term":[{"taxonomy":"category","embeddable":true,"href":"https:\/\/allende637.mx\/index.php?rest_route=%2Fwp%2Fv2%2Fcategories&post=3585"},{"taxonomy":"post_tag","embeddable":true,"href":"https:\/\/allende637.mx\/index.php?rest_route=%2Fwp%2Fv2%2Ftags&post=3585"}],"curies":[{"name":"wp","href":"https:\/\/api.w.org\/{rel}","templated":true}]}}