{"id":3589,"date":"2026-03-13T21:17:35","date_gmt":"2026-03-14T03:17:35","guid":{"rendered":"https:\/\/allende637.mx\/?p=3589"},"modified":"2026-03-13T21:17:36","modified_gmt":"2026-03-14T03:17:36","slug":"contrabajo-desencadenado-duo-garduno-medina","status":"publish","type":"post","link":"https:\/\/allende637.mx\/?p=3589","title":{"rendered":"Contrabajo Desencadenado\/D\u00fao Gardu\u00f1o-Medina"},"content":{"rendered":"\n<p>Nuestra temporada de primavera arranca con el D\u00fao Gardu\u00f1o-Medina, con el recital Contrabajo Desencadenado, una propuesta de concierto\u2013puesta en escena que explora al contrabajo como instrumento expansivo a trav\u00e9s de repertorio del siglo XX y XXI, t\u00e9cnicas extendidas, exploraci\u00f3n t\u00edmbrica e improvisaci\u00f3n as\u00ed como su relaci\u00f3n con otros instrumentos. Este proyecto busca romper con la concepci\u00f3n tradicional del contrabajo como instrumento de acompa\u00f1amiento, proponiendo una experiencia sonora \u00edntima y contempor\u00e1nea que invita a la escucha activa y al di\u00e1logo entre int\u00e9rprete, espacio y p\u00fablico.<\/p>\n\n\n\n<p>No te pierdas esta oportunidad de sumergirte en un mundo sonoro \u00fanico y cautivador en el que cada nota es una invitaci\u00f3n a descubrir nuevas texturas y emociones.<\/p>\n\n\n\n<p>\u00a1Te esperamos para disfrutar juntos de una noche inolvidable en El Nido del Cenzontle!Reserva tus entradas en <img loading=\"lazy\" decoding=\"async\" height=\"16\" width=\"16\" alt=\"\ud83d\udc49\" src=\"https:\/\/static.xx.fbcdn.net\/images\/emoji.php\/v9\/tf0\/2\/16\/1f449.png\"><a href=\"http:\/\/allende637.mx\/reservas?fbclid=IwZXh0bgNhZW0CMTAAYnJpZBExd25NNlZMQTNQc0YyR1FXWXNydGMGYXBwX2lkEDIyMjAzOTE3ODgyMDA4OTIAAR4tDBOXbkVzZksa29pZFU3i9DhxUiCsCMG5flcUAabr6pq6UxhKMoPxPj9WHw_aem_wnwy9sxP1xDMVZQVMrXwcg\" rel=\"noreferrer noopener\" target=\"_blank\">allende637.mx\/reservas<\/a><\/p>\n\n\n\n<p>*Proyecto seleccionado como resultado de la convocatoria para la programaci\u00f3n art\u00edstica \u00abEl Nido del Cenzontle\u00bb, temporada de Primavera 2026 del Centro Cultural Allende 637*<\/p>\n\n\n\n<figure class=\"wp-block-image size-large\"><img loading=\"lazy\" decoding=\"async\" width=\"1024\" height=\"1024\" src=\"https:\/\/allende637.mx\/wp-content\/uploads\/2026\/03\/2603-1080-x-1080-px-1-1024x1024.png\" alt=\"\" class=\"wp-image-3591\" srcset=\"https:\/\/allende637.mx\/wp-content\/uploads\/2026\/03\/2603-1080-x-1080-px-1-1024x1024.png 1024w, https:\/\/allende637.mx\/wp-content\/uploads\/2026\/03\/2603-1080-x-1080-px-1-300x300.png 300w, https:\/\/allende637.mx\/wp-content\/uploads\/2026\/03\/2603-1080-x-1080-px-1-150x150.png 150w, https:\/\/allende637.mx\/wp-content\/uploads\/2026\/03\/2603-1080-x-1080-px-1-768x768.png 768w, https:\/\/allende637.mx\/wp-content\/uploads\/2026\/03\/2603-1080-x-1080-px-1-1536x1536.png 1536w, https:\/\/allende637.mx\/wp-content\/uploads\/2026\/03\/2603-1080-x-1080-px-1-1140x1140.png 1140w, https:\/\/allende637.mx\/wp-content\/uploads\/2026\/03\/2603-1080-x-1080-px-1-75x75.png 75w, https:\/\/allende637.mx\/wp-content\/uploads\/2026\/03\/2603-1080-x-1080-px-1.png 1755w\" sizes=\"auto, (max-width: 1024px) 100vw, 1024px\" \/><\/figure>\n","protected":false},"excerpt":{"rendered":"<p>Nuestra temporada de primavera arranca con el D\u00fao Gardu\u00f1o-Medina, con el recital Contrabajo Desencadenado, una propuesta de concierto\u2013puesta en escena que explora al contrabajo como instrumento expansivo a trav\u00e9s de repertorio del siglo XX y XXI, t\u00e9cnicas extendidas, exploraci\u00f3n t\u00edmbrica e improvisaci\u00f3n as\u00ed como su relaci\u00f3n con otros instrumentos. Este proyecto busca romper con la concepci\u00f3n tradicional del contrabajo como instrumento de acompa\u00f1amiento, proponiendo una experiencia sonora \u00edntima y contempor\u00e1nea que invita a la escucha activa y al di\u00e1logo entre int\u00e9rprete, espacio y p\u00fablico. No te pierdas esta oportunidad de sumergirte en un mundo sonoro \u00fanico y cautivador en el que cada nota es una invitaci\u00f3n a descubrir nuevas texturas y emociones. \u00a1Te esperamos para disfrutar juntos de una noche inolvidable en El Nido del Cenzontle!Reserva tus entradas en allende637.mx\/reservas *Proyecto seleccionado como resultado de la convocatoria para la programaci\u00f3n art\u00edstica \u00abEl Nido del Cenzontle\u00bb, temporada de Primavera 2026 del Centro Cultural Allende 637*<\/p>\n","protected":false},"author":1,"featured_media":3590,"comment_status":"closed","ping_status":"open","sticky":false,"template":"","format":"standard","meta":{"_acf_changed":false,"footnotes":""},"categories":[9,13,12],"tags":[],"class_list":["post-3589","post","type-post","status-publish","format-standard","has-post-thumbnail","hentry","category-actividades","category-cartelera-musical","category-conciertos-cartelera-musical"],"acf":[],"_links":{"self":[{"href":"https:\/\/allende637.mx\/index.php?rest_route=\/wp\/v2\/posts\/3589","targetHints":{"allow":["GET"]}}],"collection":[{"href":"https:\/\/allende637.mx\/index.php?rest_route=\/wp\/v2\/posts"}],"about":[{"href":"https:\/\/allende637.mx\/index.php?rest_route=\/wp\/v2\/types\/post"}],"author":[{"embeddable":true,"href":"https:\/\/allende637.mx\/index.php?rest_route=\/wp\/v2\/users\/1"}],"replies":[{"embeddable":true,"href":"https:\/\/allende637.mx\/index.php?rest_route=%2Fwp%2Fv2%2Fcomments&post=3589"}],"version-history":[{"count":1,"href":"https:\/\/allende637.mx\/index.php?rest_route=\/wp\/v2\/posts\/3589\/revisions"}],"predecessor-version":[{"id":3592,"href":"https:\/\/allende637.mx\/index.php?rest_route=\/wp\/v2\/posts\/3589\/revisions\/3592"}],"wp:featuredmedia":[{"embeddable":true,"href":"https:\/\/allende637.mx\/index.php?rest_route=\/wp\/v2\/media\/3590"}],"wp:attachment":[{"href":"https:\/\/allende637.mx\/index.php?rest_route=%2Fwp%2Fv2%2Fmedia&parent=3589"}],"wp:term":[{"taxonomy":"category","embeddable":true,"href":"https:\/\/allende637.mx\/index.php?rest_route=%2Fwp%2Fv2%2Fcategories&post=3589"},{"taxonomy":"post_tag","embeddable":true,"href":"https:\/\/allende637.mx\/index.php?rest_route=%2Fwp%2Fv2%2Ftags&post=3589"}],"curies":[{"name":"wp","href":"https:\/\/api.w.org\/{rel}","templated":true}]}}