{"id":3627,"date":"2026-04-25T21:40:43","date_gmt":"2026-04-26T03:40:43","guid":{"rendered":"https:\/\/allende637.mx\/?p=3627"},"modified":"2026-04-25T21:40:45","modified_gmt":"2026-04-26T03:40:45","slug":"los-doce-de-allende-637-cuarteto-de-cuerdas-jose-white-rodrigo-nefthali-guitarra","status":"publish","type":"post","link":"https:\/\/allende637.mx\/?p=3627","title":{"rendered":"Los Doce de Allende 637\/ Cuarteto de Cuerdas Jos\u00e9 White &#8211; Rodrigo Nefthal\u00ed, Guitarra"},"content":{"rendered":"\n<p>\u00a1Cuerdas que cuentan historias en Allende 637! <img loading=\"lazy\" decoding=\"async\" height=\"16\" width=\"16\" alt=\"\ud83c\udfbb\" src=\"https:\/\/static.xx.fbcdn.net\/images\/emoji.php\/v9\/tea\/2\/16\/1f3bb.png\"><img loading=\"lazy\" decoding=\"async\" height=\"16\" width=\"16\" alt=\"\u2728\" src=\"https:\/\/static.xx.fbcdn.net\/images\/emoji.php\/v9\/t75\/2\/16\/2728.png\"><\/p>\n\n\n\n<p>Hay encuentros musicales que simplemente no te puedes perder. En nuestro Programa 5 de la serie LOS DOCE de Allende 637, seremos testigos de un di\u00e1logo sonoro excepcional.<\/p>\n\n\n\n<p>Nos acompa\u00f1an el virtuosismo de Rodrigo Nefthal\u00ed en la guitarra y la impecable trayectoria del Cuarteto de Cuerdas Jos\u00e9 White. Una velada dise\u00f1ada para quienes buscan refugiarse en la belleza de la m\u00fasica, con composiciones de la autor\u00eda del maestro Rodrigo Nefthal\u00ed.<\/p>\n\n\n\n<p>\u00a1Acomp\u00e1\u00f1anos a vivir la m\u00fasica de cerca!<\/p>\n\n\n\n<div class=\"wp-block-group\"><div class=\"wp-block-group__inner-container is-layout-constrained wp-block-group-is-layout-constrained\">\n<p><img loading=\"lazy\" decoding=\"async\" height=\"16\" width=\"16\" alt=\"\ud83c\udfab\" src=\"https:\/\/static.xx.fbcdn.net\/images\/emoji.php\/v9\/t4b\/2\/16\/1f3ab.png\">Entrada Libre<\/p>\n\n\n\n<p><img loading=\"lazy\" decoding=\"async\" height=\"16\" width=\"16\" alt=\"\ud83d\udcc5\" src=\"https:\/\/static.xx.fbcdn.net\/images\/emoji.php\/v9\/t1d\/2\/16\/1f4c5.png\">S\u00e1bado 09 de mayo<\/p>\n\n\n\n<p><img loading=\"lazy\" decoding=\"async\" height=\"16\" width=\"16\" alt=\"\ud83d\udd58\" src=\"https:\/\/static.xx.fbcdn.net\/images\/emoji.php\/v9\/t4f\/2\/16\/1f558.png\">19 horas<\/p>\n\n\n\n<p><img loading=\"lazy\" decoding=\"async\" height=\"16\" width=\"16\" alt=\"\ud83d\udccd\" src=\"https:\/\/static.xx.fbcdn.net\/images\/emoji.php\/v9\/tcc\/2\/16\/1f4cd.png\">Patio Principal, Centro Cultural Allende 637<\/p>\n\n\n\n<p><img loading=\"lazy\" decoding=\"async\" height=\"16\" width=\"16\" alt=\"\ud83d\udc49\" src=\"https:\/\/static.xx.fbcdn.net\/images\/emoji.php\/v9\/tf0\/2\/16\/1f449.png\">Producci\u00f3n Nacional realizada con el Est\u00edmulo Fiscal del Art\u00edculo 190 de la LISR<\/p>\n\n\n\n<figure class=\"wp-block-image size-large is-resized\"><img loading=\"lazy\" decoding=\"async\" width=\"1024\" height=\"1024\" src=\"https:\/\/allende637.mx\/wp-content\/uploads\/2026\/04\/1501Cuadrado1-1024x1024.png\" alt=\"\" class=\"wp-image-3628\" style=\"width:653px;height:auto\" srcset=\"https:\/\/allende637.mx\/wp-content\/uploads\/2026\/04\/1501Cuadrado1-1024x1024.png 1024w, https:\/\/allende637.mx\/wp-content\/uploads\/2026\/04\/1501Cuadrado1-300x300.png 300w, https:\/\/allende637.mx\/wp-content\/uploads\/2026\/04\/1501Cuadrado1-150x150.png 150w, https:\/\/allende637.mx\/wp-content\/uploads\/2026\/04\/1501Cuadrado1-768x768.png 768w, https:\/\/allende637.mx\/wp-content\/uploads\/2026\/04\/1501Cuadrado1-75x75.png 75w, https:\/\/allende637.mx\/wp-content\/uploads\/2026\/04\/1501Cuadrado1.png 1080w\" sizes=\"auto, (max-width: 1024px) 100vw, 1024px\" \/><\/figure>\n<\/div><\/div>\n\n\n\n<figure class=\"wp-block-image size-large is-resized\"><img loading=\"lazy\" decoding=\"async\" width=\"1024\" height=\"1024\" src=\"https:\/\/allende637.mx\/wp-content\/uploads\/2026\/04\/1501Cuadrado2-1024x1024.png\" alt=\"\" class=\"wp-image-3629\" style=\"width:654px;height:auto\" srcset=\"https:\/\/allende637.mx\/wp-content\/uploads\/2026\/04\/1501Cuadrado2-1024x1024.png 1024w, https:\/\/allende637.mx\/wp-content\/uploads\/2026\/04\/1501Cuadrado2-300x300.png 300w, https:\/\/allende637.mx\/wp-content\/uploads\/2026\/04\/1501Cuadrado2-150x150.png 150w, https:\/\/allende637.mx\/wp-content\/uploads\/2026\/04\/1501Cuadrado2-768x768.png 768w, https:\/\/allende637.mx\/wp-content\/uploads\/2026\/04\/1501Cuadrado2-75x75.png 75w, https:\/\/allende637.mx\/wp-content\/uploads\/2026\/04\/1501Cuadrado2.png 1080w\" sizes=\"auto, (max-width: 1024px) 100vw, 1024px\" \/><\/figure>\n","protected":false},"excerpt":{"rendered":"<p>\u00a1Cuerdas que cuentan historias en Allende 637! Hay encuentros musicales que simplemente no te puedes perder. En nuestro Programa 5 de la serie LOS DOCE de Allende 637, seremos testigos de un di\u00e1logo sonoro excepcional. Nos acompa\u00f1an el virtuosismo de Rodrigo Nefthal\u00ed en la guitarra y la impecable trayectoria del Cuarteto de Cuerdas Jos\u00e9 White. Una velada dise\u00f1ada para quienes buscan refugiarse en la belleza de la m\u00fasica, con composiciones de la autor\u00eda del maestro Rodrigo Nefthal\u00ed. \u00a1Acomp\u00e1\u00f1anos a vivir la m\u00fasica de cerca! Entrada Libre S\u00e1bado 09 de mayo 19 horas Patio Principal, Centro Cultural Allende 637 Producci\u00f3n Nacional realizada con el Est\u00edmulo Fiscal del Art\u00edculo 190 de la LISR<\/p>\n","protected":false},"author":1,"featured_media":3628,"comment_status":"closed","ping_status":"open","sticky":false,"template":"","format":"standard","meta":{"_acf_changed":false,"footnotes":""},"categories":[9,13,12],"tags":[],"class_list":["post-3627","post","type-post","status-publish","format-standard","has-post-thumbnail","hentry","category-actividades","category-cartelera-musical","category-conciertos-cartelera-musical"],"acf":[],"_links":{"self":[{"href":"https:\/\/allende637.mx\/index.php?rest_route=\/wp\/v2\/posts\/3627","targetHints":{"allow":["GET"]}}],"collection":[{"href":"https:\/\/allende637.mx\/index.php?rest_route=\/wp\/v2\/posts"}],"about":[{"href":"https:\/\/allende637.mx\/index.php?rest_route=\/wp\/v2\/types\/post"}],"author":[{"embeddable":true,"href":"https:\/\/allende637.mx\/index.php?rest_route=\/wp\/v2\/users\/1"}],"replies":[{"embeddable":true,"href":"https:\/\/allende637.mx\/index.php?rest_route=%2Fwp%2Fv2%2Fcomments&post=3627"}],"version-history":[{"count":1,"href":"https:\/\/allende637.mx\/index.php?rest_route=\/wp\/v2\/posts\/3627\/revisions"}],"predecessor-version":[{"id":3630,"href":"https:\/\/allende637.mx\/index.php?rest_route=\/wp\/v2\/posts\/3627\/revisions\/3630"}],"wp:featuredmedia":[{"embeddable":true,"href":"https:\/\/allende637.mx\/index.php?rest_route=\/wp\/v2\/media\/3628"}],"wp:attachment":[{"href":"https:\/\/allende637.mx\/index.php?rest_route=%2Fwp%2Fv2%2Fmedia&parent=3627"}],"wp:term":[{"taxonomy":"category","embeddable":true,"href":"https:\/\/allende637.mx\/index.php?rest_route=%2Fwp%2Fv2%2Fcategories&post=3627"},{"taxonomy":"post_tag","embeddable":true,"href":"https:\/\/allende637.mx\/index.php?rest_route=%2Fwp%2Fv2%2Ftags&post=3627"}],"curies":[{"name":"wp","href":"https:\/\/api.w.org\/{rel}","templated":true}]}}