{"id":3793,"date":"2026-09-05T18:39:22","date_gmt":"2026-09-06T00:39:22","guid":{"rendered":"https:\/\/allende637.mx\/?p=3793"},"modified":"2026-09-05T18:39:24","modified_gmt":"2026-09-06T00:39:24","slug":"tablao-flamenco-desde-costa-rica","status":"publish","type":"post","link":"https:\/\/allende637.mx\/?p=3793","title":{"rendered":"Tablao Flamenco \/ Desde Costa Rica."},"content":{"rendered":"\n<p class=\"wp-block-paragraph\">\u00a1El flamenco se vive en Allende 637!<\/p>\n\n\n\n<p class=\"wp-block-paragraph\">D\u00e9jate llevar por la fuerza del baile, la entrega del cante y el alma de la guitarra en una noche de Tablao Flamenco inolvidable. Un encuentro \u00edntimo con la pasi\u00f3n, el arte y la tradici\u00f3n en el coraz\u00f3n de Morelia.<\/p>\n\n\n\n<p class=\"wp-block-paragraph\">\ud835\udc68\ud835\udc8d \ud835\udc69\ud835\udc82\ud835\udc8a\ud835\udc8d\ud835\udc86 Silvia Gudi\u00f1o ( Costa Rica \ud83c\udde8\ud83c\uddf7 ) y Luisa Bucio ( M\u00e9xico \ud83c\uddf2\ud83c\uddfd)<br>\ud835\udc68\ud835\udc8d \ud835\udc6a\ud835\udc82\ud835\udc8f\ud835\udc95\ud835\udc86 Pablo Dur\u00e1n ( Costa Rica \ud83c\udde8\ud83c\uddf7 )<br>\ud835\udc6c\ud835\udc8f \ud835\udc8d\ud835\udc82 \ud835\udc6e\ud835\udc96\ud835\udc8a\ud835\udc95\ud835\udc82\ud835\udc93\ud835\udc93\ud835\udc82 Teo M\u00e9ndez (Costa Rica \ud83c\udde8\ud83c\uddf7)<\/p>\n\n\n\n<p class=\"wp-block-paragraph\">Reserva tus lugares con anticipaci\u00f3n y s\u00e9 parte de una velada llena de duende y emoci\u00f3n.<\/p>\n\n\n\n<figure class=\"wp-block-image size-large\"><img loading=\"lazy\" decoding=\"async\" width=\"1024\" height=\"1024\" src=\"https:\/\/allende637.mx\/wp-content\/uploads\/2026\/09\/2609cuadrado-1024x1024.png\" alt=\"\" class=\"wp-image-3794\" srcset=\"https:\/\/allende637.mx\/wp-content\/uploads\/2026\/09\/2609cuadrado-1024x1024.png 1024w, https:\/\/allende637.mx\/wp-content\/uploads\/2026\/09\/2609cuadrado-300x300.png 300w, https:\/\/allende637.mx\/wp-content\/uploads\/2026\/09\/2609cuadrado-150x150.png 150w, https:\/\/allende637.mx\/wp-content\/uploads\/2026\/09\/2609cuadrado-768x768.png 768w, https:\/\/allende637.mx\/wp-content\/uploads\/2026\/09\/2609cuadrado-75x75.png 75w, https:\/\/allende637.mx\/wp-content\/uploads\/2026\/09\/2609cuadrado.png 1080w\" sizes=\"auto, (max-width: 1024px) 100vw, 1024px\" \/><\/figure>\n","protected":false},"excerpt":{"rendered":"<p>\u00a1El flamenco se vive en Allende 637! D\u00e9jate llevar por la fuerza del baile, la entrega del cante y el alma de la guitarra en una noche de Tablao Flamenco inolvidable. Un encuentro \u00edntimo con la pasi\u00f3n, el arte y la tradici\u00f3n en el coraz\u00f3n de Morelia. \ud835\udc68\ud835\udc8d \ud835\udc69\ud835\udc82\ud835\udc8a\ud835\udc8d\ud835\udc86 Silvia Gudi\u00f1o ( Costa Rica \ud83c\udde8\ud83c\uddf7 ) y Luisa Bucio ( M\u00e9xico \ud83c\uddf2\ud83c\uddfd)\ud835\udc68\ud835\udc8d \ud835\udc6a\ud835\udc82\ud835\udc8f\ud835\udc95\ud835\udc86 Pablo Dur\u00e1n ( Costa Rica \ud83c\udde8\ud83c\uddf7 )\ud835\udc6c\ud835\udc8f \ud835\udc8d\ud835\udc82 \ud835\udc6e\ud835\udc96\ud835\udc8a\ud835\udc95\ud835\udc82\ud835\udc93\ud835\udc93\ud835\udc82 Teo M\u00e9ndez (Costa Rica \ud83c\udde8\ud83c\uddf7) Reserva tus lugares con anticipaci\u00f3n y s\u00e9 parte de una velada llena de duende y emoci\u00f3n.<\/p>\n","protected":false},"author":1,"featured_media":0,"comment_status":"closed","ping_status":"open","sticky":false,"template":"","format":"standard","meta":{"_acf_changed":false,"footnotes":""},"categories":[9],"tags":[],"class_list":["post-3793","post","type-post","status-publish","format-standard","hentry","category-actividades"],"acf":[],"_links":{"self":[{"href":"https:\/\/allende637.mx\/index.php?rest_route=\/wp\/v2\/posts\/3793","targetHints":{"allow":["GET"]}}],"collection":[{"href":"https:\/\/allende637.mx\/index.php?rest_route=\/wp\/v2\/posts"}],"about":[{"href":"https:\/\/allende637.mx\/index.php?rest_route=\/wp\/v2\/types\/post"}],"author":[{"embeddable":true,"href":"https:\/\/allende637.mx\/index.php?rest_route=\/wp\/v2\/users\/1"}],"replies":[{"embeddable":true,"href":"https:\/\/allende637.mx\/index.php?rest_route=%2Fwp%2Fv2%2Fcomments&post=3793"}],"version-history":[{"count":1,"href":"https:\/\/allende637.mx\/index.php?rest_route=\/wp\/v2\/posts\/3793\/revisions"}],"predecessor-version":[{"id":3795,"href":"https:\/\/allende637.mx\/index.php?rest_route=\/wp\/v2\/posts\/3793\/revisions\/3795"}],"wp:attachment":[{"href":"https:\/\/allende637.mx\/index.php?rest_route=%2Fwp%2Fv2%2Fmedia&parent=3793"}],"wp:term":[{"taxonomy":"category","embeddable":true,"href":"https:\/\/allende637.mx\/index.php?rest_route=%2Fwp%2Fv2%2Fcategories&post=3793"},{"taxonomy":"post_tag","embeddable":true,"href":"https:\/\/allende637.mx\/index.php?rest_route=%2Fwp%2Fv2%2Ftags&post=3793"}],"curies":[{"name":"wp","href":"https:\/\/api.w.org\/{rel}","templated":true}]}}