{"id":3796,"date":"2026-09-05T20:30:00","date_gmt":"2026-09-06T02:30:00","guid":{"rendered":"https:\/\/allende637.mx\/?p=3796"},"modified":"2026-09-05T18:42:12","modified_gmt":"2026-09-06T00:42:12","slug":"los-doce-de-allende-637-programa-9-orquesta-magnolia-tsitsiki","status":"publish","type":"post","link":"https:\/\/allende637.mx\/?p=3796","title":{"rendered":"Los Doce de Allende 637 \/ Programa 9 \/ Orquesta Magnolia Ts\u00efts\u00efki"},"content":{"rendered":"\n<p class=\"wp-block-paragraph\">\ud83c\udfb6 \u00a1La m\u00fasica tradicional se apodera de Allende 637! \ud83c\udf38\u2728<\/p>\n\n\n\n<p class=\"wp-block-paragraph\">La tradici\u00f3n no solo se conserva, tambi\u00e9n se transforma y florece. En este Programa 9 de Los Doce de Allende 637, nos engalana la presencia de la Orquesta Magnolia Ts\u00eft\u00efki en una velada especialmente dedicada a la riqueza del folclor y la m\u00fasica popular. \ud83c\udfbb\ud83c\udfba<\/p>\n\n\n\n<p class=\"wp-block-paragraph\">Lo que hace verdaderamente \u00fanica a esta presentaci\u00f3n es que disfrutaremos de un repertorio que abraza la tradici\u00f3n sonora, pero tambi\u00e9n incluye composiciones propias nacidas del talento de los propios integrantes de la agrupaci\u00f3n. Es una oportunidad imperdible para escuchar obras originales que dialogan con nuestras ra\u00edces y proponen nuevos caminos para nuestra identidad musical.<\/p>\n\n\n\n<p class=\"wp-block-paragraph\">Re\u00fane a tus personas favoritas y ven a habitar el espacio en una noche de comunidad, creaci\u00f3n y buena m\u00fasica.<\/p>\n\n\n\n<p class=\"wp-block-paragraph\">\ud83c\udf9f\ufe0f Entrada libre<\/p>\n\n\n\n<p class=\"wp-block-paragraph\">\ud83d\udcc5 S\u00e1bado 19 de septiembre<\/p>\n\n\n\n<p class=\"wp-block-paragraph\">\u23f0 19 h.<\/p>\n\n\n\n<p class=\"wp-block-paragraph\">\ud83d\udccd Centro Cultural Allende 637<\/p>\n\n\n\n<figure class=\"wp-block-image size-large\"><img loading=\"lazy\" decoding=\"async\" width=\"1024\" height=\"1024\" src=\"https:\/\/allende637.mx\/wp-content\/uploads\/2026\/09\/1909cuadrado-2-1024x1024.png\" alt=\"\" class=\"wp-image-3797\" srcset=\"https:\/\/allende637.mx\/wp-content\/uploads\/2026\/09\/1909cuadrado-2-1024x1024.png 1024w, https:\/\/allende637.mx\/wp-content\/uploads\/2026\/09\/1909cuadrado-2-300x300.png 300w, https:\/\/allende637.mx\/wp-content\/uploads\/2026\/09\/1909cuadrado-2-150x150.png 150w, https:\/\/allende637.mx\/wp-content\/uploads\/2026\/09\/1909cuadrado-2-768x768.png 768w, https:\/\/allende637.mx\/wp-content\/uploads\/2026\/09\/1909cuadrado-2-75x75.png 75w, https:\/\/allende637.mx\/wp-content\/uploads\/2026\/09\/1909cuadrado-2.png 1080w\" sizes=\"auto, (max-width: 1024px) 100vw, 1024px\" \/><\/figure>\n","protected":false},"excerpt":{"rendered":"<p>\ud83c\udfb6 \u00a1La m\u00fasica tradicional se apodera de Allende 637! \ud83c\udf38\u2728 La tradici\u00f3n no solo se conserva, tambi\u00e9n se transforma y florece. En este Programa 9 de Los Doce de Allende 637, nos engalana la presencia de la Orquesta Magnolia Ts\u00eft\u00efki en una velada especialmente dedicada a la riqueza del folclor y la m\u00fasica popular. \ud83c\udfbb\ud83c\udfba Lo que hace verdaderamente \u00fanica a esta presentaci\u00f3n es que disfrutaremos de un repertorio que abraza la tradici\u00f3n sonora, pero tambi\u00e9n incluye composiciones propias nacidas del talento de los propios integrantes de la agrupaci\u00f3n. Es una oportunidad imperdible para escuchar obras originales que dialogan con nuestras ra\u00edces y proponen nuevos caminos para nuestra identidad musical. Re\u00fane a tus personas favoritas y ven a habitar el espacio en una noche de comunidad, creaci\u00f3n y buena m\u00fasica. \ud83c\udf9f\ufe0f Entrada libre \ud83d\udcc5 S\u00e1bado 19 de septiembre \u23f0 19 h. \ud83d\udccd Centro Cultural Allende 637<\/p>\n","protected":false},"author":1,"featured_media":3797,"comment_status":"closed","ping_status":"open","sticky":false,"template":"","format":"standard","meta":{"_acf_changed":false,"footnotes":""},"categories":[9,13,12,18],"tags":[],"class_list":["post-3796","post","type-post","status-publish","format-standard","has-post-thumbnail","hentry","category-actividades","category-cartelera-musical","category-conciertos-cartelera-musical","category-18"],"acf":[],"_links":{"self":[{"href":"https:\/\/allende637.mx\/index.php?rest_route=\/wp\/v2\/posts\/3796","targetHints":{"allow":["GET"]}}],"collection":[{"href":"https:\/\/allende637.mx\/index.php?rest_route=\/wp\/v2\/posts"}],"about":[{"href":"https:\/\/allende637.mx\/index.php?rest_route=\/wp\/v2\/types\/post"}],"author":[{"embeddable":true,"href":"https:\/\/allende637.mx\/index.php?rest_route=\/wp\/v2\/users\/1"}],"replies":[{"embeddable":true,"href":"https:\/\/allende637.mx\/index.php?rest_route=%2Fwp%2Fv2%2Fcomments&post=3796"}],"version-history":[{"count":1,"href":"https:\/\/allende637.mx\/index.php?rest_route=\/wp\/v2\/posts\/3796\/revisions"}],"predecessor-version":[{"id":3798,"href":"https:\/\/allende637.mx\/index.php?rest_route=\/wp\/v2\/posts\/3796\/revisions\/3798"}],"wp:featuredmedia":[{"embeddable":true,"href":"https:\/\/allende637.mx\/index.php?rest_route=\/wp\/v2\/media\/3797"}],"wp:attachment":[{"href":"https:\/\/allende637.mx\/index.php?rest_route=%2Fwp%2Fv2%2Fmedia&parent=3796"}],"wp:term":[{"taxonomy":"category","embeddable":true,"href":"https:\/\/allende637.mx\/index.php?rest_route=%2Fwp%2Fv2%2Fcategories&post=3796"},{"taxonomy":"post_tag","embeddable":true,"href":"https:\/\/allende637.mx\/index.php?rest_route=%2Fwp%2Fv2%2Ftags&post=3796"}],"curies":[{"name":"wp","href":"https:\/\/api.w.org\/{rel}","templated":true}]}}